{"id":124264,"date":"2021-08-16T08:49:34","date_gmt":"2021-08-16T12:49:34","guid":{"rendered":"https:\/\/linitiative.ca\/International\/radeema-investissement-de-364-mmdh-en-10-ans\/"},"modified":"2021-08-16T08:49:34","modified_gmt":"2021-08-16T12:49:34","slug":"radeema-investissement-de-364-mmdh-en-10-ans","status":"publish","type":"post","link":"https:\/\/linitiative.ca\/International\/radeema-investissement-de-364-mmdh-en-10-ans\/","title":{"rendered":"RADEEMA: Investissement de 3,64 MMDH en 10 ans"},"content":{"rendered":"<div>\n<div style=\"margin-bottom:20px;\"><img loading=\"lazy\" decoding=\"async\" width=\"746\" height=\"380\" src=\"https:\/\/linitiative.ca\/International\/wp-content\/uploads\/sites\/23\/2021\/08\/RADEEMA-1.jpg\" class=\"attachment-post-thumbnail size-post-thumbnail wp-post-image\" alt=\"\" srcset=\"https:\/\/linitiative.ca\/International\/wp-content\/uploads\/sites\/23\/2021\/08\/RADEEMA-1.jpg 746w, http:\/\/www.mapmarrakech.ma\/map\/uploads\/2021\/08\/RADEEMA-1-300x153.jpg 300w\" sizes=\"auto, (max-width: 746px) 100vw, 746px\"><\/div>\n<p>Ces donn\u00e9es ont \u00e9t\u00e9 communiqu\u00e9es lors de la session ordinaire du Conseil d\u2019Administration de ladite R\u00e9gie, tenu par vid\u00e9oconf\u00e9rence, sous la pr\u00e9sidence du wali de la r\u00e9gion Marrakech-Safi, gouverneur de la pr\u00e9fecture de Marrakech, M. Karim Kassi- Lahlou.<\/p>\n<p>Cet ambitieux programme vise \u00e0 accompagner la cit\u00e9 ocre, une ville en perp\u00e9tuel d\u00e9veloppement, a indiqu\u00e9 \u00e0 cette occasion, la directrice g\u00e9n\u00e9rale de la RADEEMA, Mme Nadia El \u00a0Hilali, qui a pr\u00e9sent\u00e9 les r\u00e9alisations se rapportant \u00e0 l\u2019ann\u00e9e 2020, notamment les comptes, les indicateurs de performances techniques, commerciales et financi\u00e8res ainsi que les investissements r\u00e9alis\u00e9s au terme de la premi\u00e8re ann\u00e9e du Contrat de Programme Etat-RADEEMA (2020-2022), permettant de fournir en continu un service de qualit\u00e9 aux citoyens de Marrakech, tout en anticipant et en accompagnant le d\u00e9veloppement de la ville.<\/p>\n<p>Durant la p\u00e9riode 2016-2020, la RADEEMA a investi environ 1,72 MMDH dont, 235 millions DH (MDH) d\u2019investissement r\u00e9alis\u00e9s au titre de l\u2019ann\u00e9e 2020 en vue de renforcer et fiabiliser davantage l\u2019infrastructure d\u2019eau, d\u2019\u00e9lectricit\u00e9 et d\u2019assainissement liquide de Marrakech, de g\u00e9n\u00e9raliser l\u2019acc\u00e8s \u00e0 ces services aux populations d\u00e9munis et de moderniser les moyens de gestion et d\u2019exploitation.<\/p>\n<p>Les principaux projets ont concern\u00e9 le secteur de l\u2019Eau Potable (48 MDH), avec la poursuite des travaux relatifs \u00e0 la ceinture Nord-Ouest par la pose de 426 km \/ DN 800 ainsi que la conduite Ennakhil-Nord par la pose de 3,6 km DN 500 \u00e0 900 mm, l\u2019extension du r\u00e9seau par la pose de 89 km de conduites et la poursuite du programme d\u2019am\u00e9lioration du rendement.<\/p>\n<p>Il s\u2019agit aussi de l\u2019\u00e9lectricit\u00e9 pour un investissement de l\u2019ordre de 60 MDH avec la poursuite de la r\u00e9alisation des travaux relatifs au nouveau poste source 225 20KV (67% d\u2019avancement) et l\u2019extension du r\u00e9seau par la pose de 272 km de c\u00e2bles dont, 110 km pour le r\u00e9seau MT et 162 km pour le r\u00e9seau BT.<\/p>\n<p>S\u2019agissant de l\u2019assainissement liquide, la RADEEMA a investi 127 MDH dans la r\u00e9alisation des travaux se rapportant \u00e0 la mise en place d\u2019un collecteur Nord d\u2019un lin\u00e9aire de 4,1 km, le lancement des travaux de la conduite Charaf par la pose de 2,5 km de conduites, la r\u00e9habilitation d\u2019environ 28 km de conduites d\u00e9t\u00e9rior\u00e9es \/ DN 800 \u00e0 1000 mm et l\u2019extension et renforcement par la pose de 84 km de r\u00e9seau.<\/p>\n<p>En parall\u00e8le \u00e0 cette forte dynamique d\u2019investissement, la RADEEMA continue \u00e0 confirmer son engagement pour la pr\u00e9servation de l\u2019environnement en r\u00e9duisant les \u00e9missions en CO2 d\u2019un volume \u00e9quivalent \u00e0 62000 tonnes et la sauvegarde des ressources hydriques par la mobilisation depuis 2012, de plus de 32 millions de m3 d\u2019eau \u00e9pur\u00e9e destin\u00e9e \u00e0 l\u2019irrigation des espaces verts.<\/p>\n<p>Dans la m\u00eame optique, la R\u00e9gie a mis en \u0153uvre un protocole d\u2019accord pour la valorisation des boues d\u2019\u00e9puration s\u00e9ch\u00e9es comme combustible de substitution dans l\u2019industrie de fabrication du ciment.<\/p>\n<p>La RADEEMA s\u2019est \u00e9galement investi dans la d\u00e9mat\u00e9rialisation et la digitalisation des proc\u00e9dures notamment, commerciales par le lancement de deux projets phares concernant la lecture intelligente des compteurs, ainsi que la borne Smart Services mise \u00e0 la disposition des clients comme guichet intelligent et express pour le traitement de leurs demandes.<\/p>\n<p>Ces deux solutions viennent \u00e9toffer les solutions e-services d\u00e9j\u00e0 d\u00e9ploy\u00e9s \u00ab l\u2019@gence en ligne RADEEMA \u00bb et \u00ab RADEEMA MOBILE \u00bb.<\/p>\n<p>Cette dynamique digitale s\u2019ajoute \u00e0 plusieurs canaux de proximit\u00e9 disponibles 24H24 et 7J\/7, dont le Paiement des factures via les applications e-banking des banques partenaires, ainsi que leurs GAB (7 banques), les r\u00e9clamations et demandes d\u2019information via le centre de relation client\u00e8le, outre le traitement des demandes et accueil clients au niveau des 14 agences commerciales RADEEMA ainsi que le paiement au niveau de plus de 196 espaces services.<\/p>\n<p>Toujours dans une optique d\u2019am\u00e9lioration continue, la RADEEMA a r\u00e9ussi la certification de son Syst\u00e8me de Management de la S\u00e9curit\u00e9 de l\u2019Information (SMSI).<\/p>\n<p>Cette distinction vient s\u2019ajouter \u00e0 celles relatives au Syst\u00e8me de Management int\u00e9gr\u00e9e (SMI\/QSE) ainsi que l\u2019accr\u00e9ditation ISO 17025 du laboratoire RADEEMA d\u2019analyses d\u2019eau potable.<\/p>\n<p>Lors de cette session, le Conseil d\u2019Administration de cette R\u00e9gie a approuv\u00e9 les comptes officiels 2020 certifi\u00e9s par la commissaire aux comptes et a not\u00e9 avec grande satisfaction l\u2019am\u00e9lioration des indicateurs de performances techniques, financi\u00e8res, commerciales et de gestion.<\/p>\n<p>Il a \u00e9galement fait part de sa satisfaction de la dynamique d\u2019investissement maintenue par la RADEEMA et ce, en d\u00e9pit du contexte sanitaire relatif \u00e0 la pand\u00e9mie de la Covid-19, permettant ainsi de maintenir la s\u00e9curisation de l\u2019alimentation en eau et en \u00e9lectricit\u00e9 et de g\u00e9rer efficacement le service d\u2019assainissement liquide.<\/p>\n<p>The post <a rel=\"nofollow\" href=\"http:\/\/www.mapmarrakech.ma\/fr\/radeema-investissement-de-364-mmdh-en-10-ans\/\">RADEEMA: Investissement de 3,64 MMDH en 10 ans<\/a> appeared first on <a rel=\"nofollow\" href=\"http:\/\/www.mapmarrakech.ma\/fr\">MapMarrakech<\/a>.<\/p>\n<\/div>\n<p>Auteur: Meriem IGASS<br \/>\n<a href=\"http:\/\/www.mapmarrakech.ma\/fr\/radeema-investissement-de-364-mmdh-en-10-ans\/\">Cliquez ici pour lire l&rsquo;article depuis sa source.<\/a><\/p>\n","protected":false},"excerpt":{"rendered":"<p>Ces donn\u00e9es ont \u00e9t\u00e9 communiqu\u00e9es lors de la session ordinaire du Conseil d\u2019Administration de ladite R\u00e9gie, tenu par vid\u00e9oconf\u00e9rence, sous la pr\u00e9sidence du wali de la r\u00e9gion Marrakech-Safi, gouverneur de la pr\u00e9fecture de Marrakech, M. Karim Kassi- Lahlou. Cet ambitieux programme vise \u00e0 accompagner la cit\u00e9 ocre, une ville en perp\u00e9tuel d\u00e9veloppement, a indiqu\u00e9 \u00e0 [&hellip;]<\/p>\n","protected":false},"author":1788,"featured_media":0,"comment_status":"closed","ping_status":"closed","sticky":false,"template":"","format":"standard","meta":{"fifu_image_url":"http:\/\/www.mapmarrakech.ma\/map\/uploads\/2021\/08\/RADEEMA-1.jpg","fifu_image_alt":"RADEEMA: Investissement de 3,64 MMDH en 10 ans","footnotes":""},"categories":[54,76],"tags":[],"class_list":["post-124264","post","type-post","status-publish","format-standard","hentry","category-maroc","category-regions"],"_links":{"self":[{"href":"https:\/\/linitiative.ca\/International\/wp-json\/wp\/v2\/posts\/124264","targetHints":{"allow":["GET"]}}],"collection":[{"href":"https:\/\/linitiative.ca\/International\/wp-json\/wp\/v2\/posts"}],"about":[{"href":"https:\/\/linitiative.ca\/International\/wp-json\/wp\/v2\/types\/post"}],"author":[{"embeddable":true,"href":"https:\/\/linitiative.ca\/International\/wp-json\/wp\/v2\/users\/1788"}],"replies":[{"embeddable":true,"href":"https:\/\/linitiative.ca\/International\/wp-json\/wp\/v2\/comments?post=124264"}],"version-history":[{"count":0,"href":"https:\/\/linitiative.ca\/International\/wp-json\/wp\/v2\/posts\/124264\/revisions"}],"wp:attachment":[{"href":"https:\/\/linitiative.ca\/International\/wp-json\/wp\/v2\/media?parent=124264"}],"wp:term":[{"taxonomy":"category","embeddable":true,"href":"https:\/\/linitiative.ca\/International\/wp-json\/wp\/v2\/categories?post=124264"},{"taxonomy":"post_tag","embeddable":true,"href":"https:\/\/linitiative.ca\/International\/wp-json\/wp\/v2\/tags?post=124264"}],"curies":[{"name":"wp","href":"https:\/\/api.w.org\/{rel}","templated":true}]}}