{"id":124270,"date":"2021-08-16T13:55:37","date_gmt":"2021-08-16T17:55:37","guid":{"rendered":"https:\/\/linitiative.ca\/International\/abdelhafid-el-jarroudi-elu-president-de-la-ccis-de-loriental\/"},"modified":"2021-08-16T13:55:37","modified_gmt":"2021-08-16T17:55:37","slug":"abdelhafid-el-jarroudi-elu-president-de-la-ccis-de-loriental","status":"publish","type":"post","link":"https:\/\/linitiative.ca\/International\/abdelhafid-el-jarroudi-elu-president-de-la-ccis-de-loriental\/","title":{"rendered":"Abdelhafid El Jarroudi \u00e9lu pr\u00e9sident de la CCIS de l\u2019Oriental"},"content":{"rendered":"<div>\n<div style=\"margin-bottom:20px;\"><img loading=\"lazy\" decoding=\"async\" width=\"750\" height=\"430\" src=\"https:\/\/linitiative.ca\/International\/wp-content\/uploads\/sites\/23\/2021\/08\/Logo-de-lCCIS-de-lOriental-750C397430-.jpg\" class=\"attachment-post-thumbnail size-post-thumbnail wp-post-image\" alt=\"\" srcset=\"https:\/\/linitiative.ca\/International\/wp-content\/uploads\/sites\/23\/2021\/08\/Logo-de-lCCIS-de-lOriental-750C397430-.jpg 750w, http:\/\/www.mapoujda.ma\/map\/uploads\/2021\/08\/Logo-de-lCCIS-de-lOriental-750\u00d7430--300x172.jpg 300w\" sizes=\"auto, (max-width: 750px) 100vw, 750px\"><\/div>\n<div>\n<p style=\"text-align: justify;\">Abdelhafid El Jarroudi, du Rassemblement national des ind\u00e9pendants (RNI), a \u00e9t\u00e9 \u00e9lu, lundi \u00e0 la majorit\u00e9 des voix, pr\u00e9sident de la Chambre de commerce, d\u2019industrie et de services (CCIS) de l\u2019Oriental.<\/p>\n<p style=\"text-align: justify;\">M. El Jarroudi a devanc\u00e9 le candidat du Parti authenticit\u00e9 et modernit\u00e9 (PAM) Khalid El Bernichi, lors de l\u2019\u00e9lection du pr\u00e9sident et des membres du bureau de la CCIS, tenue lundi au si\u00e8ge de la Chambre.<\/p>\n<p style=\"text-align: justify;\">Le RNI est arriv\u00e9 en t\u00eate des \u00e9lections des Chambres professionnelles de la r\u00e9gion de l\u2019Oriental, tenues r\u00e9cemment.<\/p>\n<p style=\"text-align: justify;\">Au niveau de la CCIS de l\u2019Oriental, le RNI a d\u00e9croch\u00e9 19 si\u00e8ges sur un total de 61, suivi du PAM (16 si\u00e8ges), des Sans appartenance politique (SAP, 9 si\u00e8ges), du PI (6 si\u00e8ges) et du MP (3 si\u00e8ges).<\/p>\n<p style=\"text-align: justify;\">Arrivent ensuite le PPS et le Parti Justice et D\u00e9veloppement (PJD) avec deux si\u00e8ges chacun, suivis par l\u2019USFP, le parti du Mouvement D\u00e9mocratique et Social (MDS), le parti Annahda et le Parti Socialiste Unifi\u00e9 (PSU) avec un si\u00e8ge chacun.<\/p>\n<\/div>\n<p>L\u2019article <a rel=\"nofollow\" href=\"http:\/\/www.mapoujda.ma\/fr\/abdelhafid-el-jarroudi-elu-president-de-la-ccis-de-loriental\/\">Abdelhafid El Jarroudi \u00e9lu pr\u00e9sident de la CCIS de l\u2019Oriental<\/a> est apparu en premier sur <a rel=\"nofollow\" href=\"http:\/\/www.mapoujda.ma\/fr\">MapOujda<\/a>.<\/p>\n<\/div>\n<p>Auteur: Soufiane ELAHMAR<br \/>\n<a href=\"http:\/\/www.mapoujda.ma\/fr\/abdelhafid-el-jarroudi-elu-president-de-la-ccis-de-loriental\/\">Cliquez ici pour lire l&rsquo;article depuis sa source.<\/a><\/p>\n","protected":false},"excerpt":{"rendered":"<p>Abdelhafid El Jarroudi, du Rassemblement national des ind\u00e9pendants (RNI), a \u00e9t\u00e9 \u00e9lu, lundi \u00e0 la majorit\u00e9 des voix, pr\u00e9sident de la Chambre de commerce, d\u2019industrie et de services (CCIS) de l\u2019Oriental. M. El Jarroudi a devanc\u00e9 le candidat du Parti authenticit\u00e9 et modernit\u00e9 (PAM) Khalid El Bernichi, lors de l\u2019\u00e9lection du pr\u00e9sident et des membres [&hellip;]<\/p>\n","protected":false},"author":1788,"featured_media":0,"comment_status":"closed","ping_status":"closed","sticky":false,"template":"","format":"standard","meta":{"fifu_image_url":"http:\/\/www.mapoujda.ma\/map\/uploads\/2021\/08\/Logo-de-lCCIS-de-lOriental-750\u00d7430-.jpg","fifu_image_alt":"Abdelhafid El Jarroudi \u00e9lu pr\u00e9sident de la CCIS de l\u2019Oriental","footnotes":""},"categories":[54,76],"tags":[],"class_list":["post-124270","post","type-post","status-publish","format-standard","hentry","category-maroc","category-regions"],"_links":{"self":[{"href":"https:\/\/linitiative.ca\/International\/wp-json\/wp\/v2\/posts\/124270","targetHints":{"allow":["GET"]}}],"collection":[{"href":"https:\/\/linitiative.ca\/International\/wp-json\/wp\/v2\/posts"}],"about":[{"href":"https:\/\/linitiative.ca\/International\/wp-json\/wp\/v2\/types\/post"}],"author":[{"embeddable":true,"href":"https:\/\/linitiative.ca\/International\/wp-json\/wp\/v2\/users\/1788"}],"replies":[{"embeddable":true,"href":"https:\/\/linitiative.ca\/International\/wp-json\/wp\/v2\/comments?post=124270"}],"version-history":[{"count":0,"href":"https:\/\/linitiative.ca\/International\/wp-json\/wp\/v2\/posts\/124270\/revisions"}],"wp:attachment":[{"href":"https:\/\/linitiative.ca\/International\/wp-json\/wp\/v2\/media?parent=124270"}],"wp:term":[{"taxonomy":"category","embeddable":true,"href":"https:\/\/linitiative.ca\/International\/wp-json\/wp\/v2\/categories?post=124270"},{"taxonomy":"post_tag","embeddable":true,"href":"https:\/\/linitiative.ca\/International\/wp-json\/wp\/v2\/tags?post=124270"}],"curies":[{"name":"wp","href":"https:\/\/api.w.org\/{rel}","templated":true}]}}