{"id":124272,"date":"2021-08-16T09:33:31","date_gmt":"2021-08-16T13:33:31","guid":{"rendered":"https:\/\/linitiative.ca\/International\/ccis-de-laayoune-khalil-ould-errachid-reelu\/"},"modified":"2021-08-16T09:33:31","modified_gmt":"2021-08-16T13:33:31","slug":"ccis-de-laayoune-khalil-ould-errachid-reelu","status":"publish","type":"post","link":"https:\/\/linitiative.ca\/International\/ccis-de-laayoune-khalil-ould-errachid-reelu\/","title":{"rendered":"CCIS de La\u00e2youne: Khalil Ould Errachid r\u00e9\u00e9lu"},"content":{"rendered":"<div>\n<div class=\"field field-name-body field-type-text-with-summary field-label-hidden\">\n<div class=\"field-items\">\n<div class=\"field-item even\" property=\"content:encoded\">\n<p class=\"rtejustify\">Khalil Ould Errachid de l&rsquo;Istiqlal a \u00e9t\u00e9 r\u00e9\u00e9lu, lundi, pr\u00e9sident de la Chambre de commerce, d&rsquo;industrie et de services (CCIS) de La\u00e2youne-Sakia El Hamra pour un deuxi\u00e8me mandat. Ould El Errachid a \u00e9t\u00e9 reconduit \u00e0 la t\u00eate de la CCIS \u00e0 l\u2019unanimit\u00e9 des voix des 24 membres que compte cette instance, \u00e9lus \u00e0 l\u2019issue des \u00e9lections des chambres professionnelles du 6 ao\u00fbt dernier. Abay Lakhrif et Idriss Toubali ont \u00e9t\u00e9 \u00e9lus respectivement premier et deuxi\u00e8me vice-pr\u00e9sident, tandis que Lakhrif Mahfoud a \u00e9t\u00e9 d\u00e9sign\u00e9 tr\u00e9sorier.<\/p>\n<\/div>\n<\/div>\n<\/div>\n<\/div>\n<p>Auteur: hgueye<br \/>\n<a href=\"https:\/\/www.leconomiste.com\/flash-infos\/ccis-de-laayoune-khalil-ould-errachid-reelu\">Cliquez ici pour lire l&rsquo;article depuis sa source.<\/a><\/p>\n","protected":false},"excerpt":{"rendered":"<p>Khalil Ould Errachid de l&rsquo;Istiqlal a \u00e9t\u00e9 r\u00e9\u00e9lu, lundi, pr\u00e9sident de la Chambre de commerce, d&rsquo;industrie et de services (CCIS) de La\u00e2youne-Sakia El Hamra pour un deuxi\u00e8me mandat. Ould El Errachid a \u00e9t\u00e9 reconduit \u00e0 la t\u00eate de la CCIS \u00e0 l\u2019unanimit\u00e9 des voix des 24 membres que compte cette instance, \u00e9lus \u00e0 l\u2019issue des [&hellip;]<\/p>\n","protected":false},"author":1763,"featured_media":0,"comment_status":"closed","ping_status":"closed","sticky":false,"template":"","format":"standard","meta":{"fifu_image_url":"","fifu_image_alt":"","footnotes":""},"categories":[78,54],"tags":[],"class_list":["post-124272","post","type-post","status-publish","format-standard","hentry","category-economie","category-maroc"],"_links":{"self":[{"href":"https:\/\/linitiative.ca\/International\/wp-json\/wp\/v2\/posts\/124272","targetHints":{"allow":["GET"]}}],"collection":[{"href":"https:\/\/linitiative.ca\/International\/wp-json\/wp\/v2\/posts"}],"about":[{"href":"https:\/\/linitiative.ca\/International\/wp-json\/wp\/v2\/types\/post"}],"author":[{"embeddable":true,"href":"https:\/\/linitiative.ca\/International\/wp-json\/wp\/v2\/users\/1763"}],"replies":[{"embeddable":true,"href":"https:\/\/linitiative.ca\/International\/wp-json\/wp\/v2\/comments?post=124272"}],"version-history":[{"count":0,"href":"https:\/\/linitiative.ca\/International\/wp-json\/wp\/v2\/posts\/124272\/revisions"}],"wp:attachment":[{"href":"https:\/\/linitiative.ca\/International\/wp-json\/wp\/v2\/media?parent=124272"}],"wp:term":[{"taxonomy":"category","embeddable":true,"href":"https:\/\/linitiative.ca\/International\/wp-json\/wp\/v2\/categories?post=124272"},{"taxonomy":"post_tag","embeddable":true,"href":"https:\/\/linitiative.ca\/International\/wp-json\/wp\/v2\/tags?post=124272"}],"curies":[{"name":"wp","href":"https:\/\/api.w.org\/{rel}","templated":true}]}}