{"id":124273,"date":"2021-08-16T10:42:37","date_gmt":"2021-08-16T14:42:37","guid":{"rendered":"https:\/\/linitiative.ca\/International\/marrakech-la-radeema-investit-36-milliards-de-dh-en-10-ans\/"},"modified":"2021-08-16T10:42:37","modified_gmt":"2021-08-16T14:42:37","slug":"marrakech-la-radeema-investit-36-milliards-de-dh-en-10-ans","status":"publish","type":"post","link":"https:\/\/linitiative.ca\/International\/marrakech-la-radeema-investit-36-milliards-de-dh-en-10-ans\/","title":{"rendered":"Marrakech: La Radeema investit 3,6 milliards de DH en 10 ans"},"content":{"rendered":"<div>\n<div class=\"field field-name-body field-type-text-with-summary field-label-hidden\">\n<div class=\"field-items\">\n<div class=\"field-item even\" property=\"content:encoded\">\n<p class=\"rtejustify\">La R\u00e9gie autonome de distribution d\u2019eau et d\u2019\u00e9lectricit\u00e9 de Marrakech (Radeema) a investi, depuis 2011, quelque 3,64 milliards de DH dans des projets portant sur l\u2019approvisionnement en eau potable, l\u2019\u00e9lectricit\u00e9 et l\u2019assainissement liquide \u00e0 Marrakech.<\/p>\n<p class=\"rtejustify\">Ces donn\u00e9es ont \u00e9t\u00e9 communiqu\u00e9es lors de la session ordinaire du Conseil d\u2019Administration de ladite R\u00e9gie, tenu par vid\u00e9oconf\u00e9rence, sous la pr\u00e9sidence du wali de la r\u00e9gion Marrakech-Safi, gouverneur de la pr\u00e9fecture de Marrakech, Karim Kassi- Lahlou.<\/p>\n<\/div>\n<\/div>\n<\/div>\n<\/div>\n<p>Auteur: hgueye<br \/>\n<a href=\"https:\/\/www.leconomiste.com\/flash-infos\/marrakech-la-radeema-investit-3-6-milliards-de-dh-en-10-ans\">Cliquez ici pour lire l&rsquo;article depuis sa source.<\/a><\/p>\n","protected":false},"excerpt":{"rendered":"<p>La R\u00e9gie autonome de distribution d\u2019eau et d\u2019\u00e9lectricit\u00e9 de Marrakech (Radeema) a investi, depuis 2011, quelque 3,64 milliards de DH dans des projets portant sur l\u2019approvisionnement en eau potable, l\u2019\u00e9lectricit\u00e9 et l\u2019assainissement liquide \u00e0 Marrakech. Ces donn\u00e9es ont \u00e9t\u00e9 communiqu\u00e9es lors de la session ordinaire du Conseil d\u2019Administration de ladite R\u00e9gie, tenu par vid\u00e9oconf\u00e9rence, sous [&hellip;]<\/p>\n","protected":false},"author":1763,"featured_media":0,"comment_status":"closed","ping_status":"closed","sticky":false,"template":"","format":"standard","meta":{"fifu_image_url":"","fifu_image_alt":"","footnotes":""},"categories":[78,54],"tags":[],"class_list":["post-124273","post","type-post","status-publish","format-standard","hentry","category-economie","category-maroc"],"_links":{"self":[{"href":"https:\/\/linitiative.ca\/International\/wp-json\/wp\/v2\/posts\/124273","targetHints":{"allow":["GET"]}}],"collection":[{"href":"https:\/\/linitiative.ca\/International\/wp-json\/wp\/v2\/posts"}],"about":[{"href":"https:\/\/linitiative.ca\/International\/wp-json\/wp\/v2\/types\/post"}],"author":[{"embeddable":true,"href":"https:\/\/linitiative.ca\/International\/wp-json\/wp\/v2\/users\/1763"}],"replies":[{"embeddable":true,"href":"https:\/\/linitiative.ca\/International\/wp-json\/wp\/v2\/comments?post=124273"}],"version-history":[{"count":0,"href":"https:\/\/linitiative.ca\/International\/wp-json\/wp\/v2\/posts\/124273\/revisions"}],"wp:attachment":[{"href":"https:\/\/linitiative.ca\/International\/wp-json\/wp\/v2\/media?parent=124273"}],"wp:term":[{"taxonomy":"category","embeddable":true,"href":"https:\/\/linitiative.ca\/International\/wp-json\/wp\/v2\/categories?post=124273"},{"taxonomy":"post_tag","embeddable":true,"href":"https:\/\/linitiative.ca\/International\/wp-json\/wp\/v2\/tags?post=124273"}],"curies":[{"name":"wp","href":"https:\/\/api.w.org\/{rel}","templated":true}]}}