{"id":124274,"date":"2021-08-16T10:52:40","date_gmt":"2021-08-16T14:52:40","guid":{"rendered":"https:\/\/linitiative.ca\/International\/rabat-le-rni-remporte-la-presidence-de-la-chambre-de-lartisanat-de-la-region\/"},"modified":"2021-08-16T10:52:40","modified_gmt":"2021-08-16T14:52:40","slug":"rabat-le-rni-remporte-la-presidence-de-la-chambre-de-lartisanat-de-la-region","status":"publish","type":"post","link":"https:\/\/linitiative.ca\/International\/rabat-le-rni-remporte-la-presidence-de-la-chambre-de-lartisanat-de-la-region\/","title":{"rendered":"Rabat: Le RNI remporte la pr\u00e9sidence de la chambre de l\u2019artisanat de la r\u00e9gion"},"content":{"rendered":"<div>\n<div class=\"field field-name-body field-type-text-with-summary field-label-hidden\">\n<div class=\"field-items\">\n<div class=\"field-item even\" property=\"content:encoded\">\n<p class=\"rtejustify\">Abderrahim Zemzami du RNI est \u00e9lu \u00e0 la t\u00eate de la chambre de l\u2019artisanat de la r\u00e9gion de Rabat-Sal\u00e9-K\u00e9nitra. Il \u00e9tait seul candidat \u00e0 la pr\u00e9sidence lors de l\u2019assembl\u00e9e g\u00e9n\u00e9rale de la chambre tenue ce matin \u00e0 Rabat. Zemzami a d\u00e9croch\u00e9 ce poste avec un vote largement confortable, soit 71 voix sur un total de 90, confie une source pr\u00e9sente lors de l\u2019op\u00e9ration de vote. Par contre, l\u2019assembl\u00e9e g\u00e9n\u00e9rale de la chambre de commerce, d\u2019industrie et des services de la r\u00e9gion de Rabat n\u2019a pas pu se tenir faute de quorum.<\/p>\n<\/div>\n<\/div>\n<\/div>\n<\/div>\n<p>Auteur: hgueye<br \/>\n<a href=\"https:\/\/www.leconomiste.com\/flash-infos\/rabat-le-rni-remporte-la-presidence-de-la-chambre-de-l-artisanat-de-la-region\">Cliquez ici pour lire l&rsquo;article depuis sa source.<\/a><\/p>\n","protected":false},"excerpt":{"rendered":"<p>Abderrahim Zemzami du RNI est \u00e9lu \u00e0 la t\u00eate de la chambre de l\u2019artisanat de la r\u00e9gion de Rabat-Sal\u00e9-K\u00e9nitra. Il \u00e9tait seul candidat \u00e0 la pr\u00e9sidence lors de l\u2019assembl\u00e9e g\u00e9n\u00e9rale de la chambre tenue ce matin \u00e0 Rabat. Zemzami a d\u00e9croch\u00e9 ce poste avec un vote largement confortable, soit 71 voix sur un total de [&hellip;]<\/p>\n","protected":false},"author":1763,"featured_media":0,"comment_status":"closed","ping_status":"closed","sticky":false,"template":"","format":"standard","meta":{"fifu_image_url":"","fifu_image_alt":"","footnotes":""},"categories":[78,54],"tags":[],"class_list":["post-124274","post","type-post","status-publish","format-standard","hentry","category-economie","category-maroc"],"_links":{"self":[{"href":"https:\/\/linitiative.ca\/International\/wp-json\/wp\/v2\/posts\/124274","targetHints":{"allow":["GET"]}}],"collection":[{"href":"https:\/\/linitiative.ca\/International\/wp-json\/wp\/v2\/posts"}],"about":[{"href":"https:\/\/linitiative.ca\/International\/wp-json\/wp\/v2\/types\/post"}],"author":[{"embeddable":true,"href":"https:\/\/linitiative.ca\/International\/wp-json\/wp\/v2\/users\/1763"}],"replies":[{"embeddable":true,"href":"https:\/\/linitiative.ca\/International\/wp-json\/wp\/v2\/comments?post=124274"}],"version-history":[{"count":0,"href":"https:\/\/linitiative.ca\/International\/wp-json\/wp\/v2\/posts\/124274\/revisions"}],"wp:attachment":[{"href":"https:\/\/linitiative.ca\/International\/wp-json\/wp\/v2\/media?parent=124274"}],"wp:term":[{"taxonomy":"category","embeddable":true,"href":"https:\/\/linitiative.ca\/International\/wp-json\/wp\/v2\/categories?post=124274"},{"taxonomy":"post_tag","embeddable":true,"href":"https:\/\/linitiative.ca\/International\/wp-json\/wp\/v2\/tags?post=124274"}],"curies":[{"name":"wp","href":"https:\/\/api.w.org\/{rel}","templated":true}]}}