{"id":124275,"date":"2021-08-16T11:22:50","date_gmt":"2021-08-16T15:22:50","guid":{"rendered":"https:\/\/linitiative.ca\/International\/covid-baisse-des-contaminations-ce-lundi-16-aout\/"},"modified":"2021-08-16T11:22:50","modified_gmt":"2021-08-16T15:22:50","slug":"covid-baisse-des-contaminations-ce-lundi-16-aout","status":"publish","type":"post","link":"https:\/\/linitiative.ca\/International\/covid-baisse-des-contaminations-ce-lundi-16-aout\/","title":{"rendered":"Covid: Baisse des contaminations ce lundi 16 ao\u00fbt"},"content":{"rendered":"<div>\n<div class=\"field field-name-body field-type-text-with-summary field-label-hidden\">\n<div class=\"field-items\">\n<div class=\"field-item even\" property=\"content:encoded\">\n<p class=\"rtejustify\">Un total de <strong>3.897<\/strong> nouveaux cas d&rsquo;infection au coronavirus (Covid-19) et de <strong>5.886<\/strong> gu\u00e9risons a \u00e9t\u00e9 enregistr\u00e9 au Maroc au cours des derni\u00e8res 24 heures, a indiqu\u00e9 lundi le minist\u00e8re de la Sant\u00e9. Il s&rsquo;agit d&rsquo;une baisse des contaminations compar\u00e9 \u00e0 ces derniers jours, mais quelque 17.250 tests ont \u00e9t\u00e9 r\u00e9alis\u00e9s.<\/p>\n<\/div>\n<\/div>\n<\/div>\n<\/div>\n<p>Auteur: hgueye<br \/>\n<a href=\"https:\/\/www.leconomiste.com\/flash-infos\/covid-nouveaux-cas-deces-4\">Cliquez ici pour lire l&rsquo;article depuis sa source.<\/a><\/p>\n","protected":false},"excerpt":{"rendered":"<p>Un total de 3.897 nouveaux cas d&rsquo;infection au coronavirus (Covid-19) et de 5.886 gu\u00e9risons a \u00e9t\u00e9 enregistr\u00e9 au Maroc au cours des derni\u00e8res 24 heures, a indiqu\u00e9 lundi le minist\u00e8re de la Sant\u00e9. Il s&rsquo;agit d&rsquo;une baisse des contaminations compar\u00e9 \u00e0 ces derniers jours, mais quelque 17.250 tests ont \u00e9t\u00e9 r\u00e9alis\u00e9s. Auteur: hgueye Cliquez ici [&hellip;]<\/p>\n","protected":false},"author":1763,"featured_media":0,"comment_status":"closed","ping_status":"closed","sticky":false,"template":"","format":"standard","meta":{"fifu_image_url":"","fifu_image_alt":"","footnotes":""},"categories":[78,54],"tags":[],"class_list":["post-124275","post","type-post","status-publish","format-standard","hentry","category-economie","category-maroc"],"_links":{"self":[{"href":"https:\/\/linitiative.ca\/International\/wp-json\/wp\/v2\/posts\/124275","targetHints":{"allow":["GET"]}}],"collection":[{"href":"https:\/\/linitiative.ca\/International\/wp-json\/wp\/v2\/posts"}],"about":[{"href":"https:\/\/linitiative.ca\/International\/wp-json\/wp\/v2\/types\/post"}],"author":[{"embeddable":true,"href":"https:\/\/linitiative.ca\/International\/wp-json\/wp\/v2\/users\/1763"}],"replies":[{"embeddable":true,"href":"https:\/\/linitiative.ca\/International\/wp-json\/wp\/v2\/comments?post=124275"}],"version-history":[{"count":0,"href":"https:\/\/linitiative.ca\/International\/wp-json\/wp\/v2\/posts\/124275\/revisions"}],"wp:attachment":[{"href":"https:\/\/linitiative.ca\/International\/wp-json\/wp\/v2\/media?parent=124275"}],"wp:term":[{"taxonomy":"category","embeddable":true,"href":"https:\/\/linitiative.ca\/International\/wp-json\/wp\/v2\/categories?post=124275"},{"taxonomy":"post_tag","embeddable":true,"href":"https:\/\/linitiative.ca\/International\/wp-json\/wp\/v2\/tags?post=124275"}],"curies":[{"name":"wp","href":"https:\/\/api.w.org\/{rel}","templated":true}]}}