{"id":124284,"date":"2021-08-16T09:41:49","date_gmt":"2021-08-16T13:41:49","guid":{"rendered":"https:\/\/linitiative.ca\/International\/affaire-melzi-le-proces-reporte-au-06-septembre-prochain\/"},"modified":"2021-08-16T09:41:49","modified_gmt":"2021-08-16T13:41:49","slug":"affaire-melzi-le-proces-reporte-au-06-septembre-prochain","status":"publish","type":"post","link":"https:\/\/linitiative.ca\/International\/affaire-melzi-le-proces-reporte-au-06-septembre-prochain\/","title":{"rendered":"Affaire Melzi : le proc\u00e8s report\u00e9 au 06 septembre prochain\u00a0"},"content":{"rendered":"<div>\n<div class=\"sriret\"><img loading=\"lazy\" decoding=\"async\" width=\"600\" height=\"338\" src=\"https:\/\/linitiative.ca\/International\/wp-content\/uploads\/sites\/23\/2021\/08\/Melzi.gif\" class=\"attachment-featured_large size-featured_large wp-post-image\" alt=\"Melzi\" style=\"margin-bottom: 15px;\"><\/div>\n<p>Melzi Le proc\u00e8s de l\u2019ancien directeur g\u00e9n\u00e9ral de l\u2019\u00e9tablissement public \u00ab\u00a0Sahel\u00a0\u00bb, Hamid Melzi, a \u00e9t\u00e9 report\u00e9 au 06 septembre prochain par le juge du p\u00f4le p\u00e9nal \u00e9conomique et financier du tribunal de Sidi M\u2019Hamed d\u2019Alger, suite \u00e0 la demande des avocats de la d\u00e9fense, a-t-on appris lundi 16 ao\u00fbt des sources judiciaires.<\/p>\n<p>Hamid Melzi qui a \u00e9t\u00e9 plac\u00e9 sous mandat de d\u00e9p\u00f4t depuis juin 2019 est poursuivi par le m\u00eame tribunal, au m\u00eame titre que les deux anciens premiers ministres, Ahmed Ouyahia et Abdelmalek Sellal ainsi que plusieurs cadres, pour abus de fonction volontaire \u00e0 l\u2019effet d\u2019accorder d\u2019indus privil\u00e8ges en violation des lois et r\u00e9glementations, outre la conclusion de contrats en violation des dispositions l\u00e9gislatives et r\u00e9glementaires en vigueur pour attribution d\u2019avantages injustifi\u00e9s \u00e0 autrui. Rappelons que l\u2019ouverture de ce proc\u00e8s a \u00e9t\u00e9 pr\u00e9vue ce lundi 16 ao\u00fbt au niveau de la m\u00eame instance judiciaire, et ce apr\u00e8s plus de deux ann\u00e9es d\u2019instruction.<\/p>\n<p>L\u2019article <a rel=\"nofollow\" href=\"https:\/\/www.elwatan.com\/edition\/actualite\/affaire-melzi-le-proces-reporte-au-06-septembre-prochain-16-08-2021\">Affaire Melzi : le proc\u00e8s report\u00e9 au 06 septembre prochain\u00a0<\/a> est apparu en premier sur <a rel=\"nofollow\" href=\"https:\/\/www.elwatan.com\/\">El Watan<\/a>.<\/p>\n<\/div>\n<p>Auteur: Mohand Yahiaoui<br \/>\n<a href=\"https:\/\/www.elwatan.com\/edition\/actualite\/affaire-melzi-le-proces-reporte-au-06-septembre-prochain-16-08-2021\">Cliquez ici pour lire l&rsquo;article depuis sa source.<\/a><\/p>\n","protected":false},"excerpt":{"rendered":"<p>Melzi Le proc\u00e8s de l\u2019ancien directeur g\u00e9n\u00e9ral de l\u2019\u00e9tablissement public \u00ab\u00a0Sahel\u00a0\u00bb, Hamid Melzi, a \u00e9t\u00e9 report\u00e9 au 06 septembre prochain par le juge du p\u00f4le p\u00e9nal \u00e9conomique et financier du tribunal de Sidi M\u2019Hamed d\u2019Alger, suite \u00e0 la demande des avocats de la d\u00e9fense, a-t-on appris lundi 16 ao\u00fbt des sources judiciaires. Hamid Melzi qui [&hellip;]<\/p>\n","protected":false},"author":1743,"featured_media":0,"comment_status":"closed","ping_status":"closed","sticky":false,"template":"","format":"standard","meta":{"fifu_image_url":"https:\/\/www.elwatan.com\/wp-content\/uploads\/2019\/05\/Melzi.gif","fifu_image_alt":"Affaire Melzi : le proc\u00e8s report\u00e9 au 06 septembre prochain\u00a0","footnotes":""},"categories":[73,53],"tags":[],"class_list":["post-124284","post","type-post","status-publish","format-standard","hentry","category-actualite","category-algerie"],"_links":{"self":[{"href":"https:\/\/linitiative.ca\/International\/wp-json\/wp\/v2\/posts\/124284","targetHints":{"allow":["GET"]}}],"collection":[{"href":"https:\/\/linitiative.ca\/International\/wp-json\/wp\/v2\/posts"}],"about":[{"href":"https:\/\/linitiative.ca\/International\/wp-json\/wp\/v2\/types\/post"}],"author":[{"embeddable":true,"href":"https:\/\/linitiative.ca\/International\/wp-json\/wp\/v2\/users\/1743"}],"replies":[{"embeddable":true,"href":"https:\/\/linitiative.ca\/International\/wp-json\/wp\/v2\/comments?post=124284"}],"version-history":[{"count":0,"href":"https:\/\/linitiative.ca\/International\/wp-json\/wp\/v2\/posts\/124284\/revisions"}],"wp:attachment":[{"href":"https:\/\/linitiative.ca\/International\/wp-json\/wp\/v2\/media?parent=124284"}],"wp:term":[{"taxonomy":"category","embeddable":true,"href":"https:\/\/linitiative.ca\/International\/wp-json\/wp\/v2\/categories?post=124284"},{"taxonomy":"post_tag","embeddable":true,"href":"https:\/\/linitiative.ca\/International\/wp-json\/wp\/v2\/tags?post=124284"}],"curies":[{"name":"wp","href":"https:\/\/api.w.org\/{rel}","templated":true}]}}