{"id":124290,"date":"2021-08-16T10:28:12","date_gmt":"2021-08-16T14:28:12","guid":{"rendered":"https:\/\/linitiative.ca\/International\/feux-de-forets-m-tebboune-installe-la-commission-nationale-devaluation-et-dindemnisation-des-sinistres\/"},"modified":"2021-08-16T10:28:12","modified_gmt":"2021-08-16T14:28:12","slug":"feux-de-forets-m-tebboune-installe-la-commission-nationale-devaluation-et-dindemnisation-des-sinistres","status":"publish","type":"post","link":"https:\/\/linitiative.ca\/International\/feux-de-forets-m-tebboune-installe-la-commission-nationale-devaluation-et-dindemnisation-des-sinistres\/","title":{"rendered":"Feux de for\u00eats : M. Tebboune installe la Commission nationale d\u2019\u00e9valuation et d\u2019indemnisation des sinistr\u00e9s"},"content":{"rendered":"<div>\n<div class=\"sriret\"><img loading=\"lazy\" decoding=\"async\" width=\"1200\" height=\"792\" src=\"https:\/\/linitiative.ca\/International\/wp-content\/uploads\/sites\/23\/2021\/08\/FEUX.jpg\" class=\"attachment-featured_large size-featured_large wp-post-image\" alt=\"\" style=\"margin-bottom: 15px;\" srcset=\"https:\/\/linitiative.ca\/International\/wp-content\/uploads\/sites\/23\/2021\/08\/FEUX.jpg 1200w, https:\/\/www.elwatan.com\/wp-content\/uploads\/2020\/11\/FEUX-300x198.jpg 300w, https:\/\/www.elwatan.com\/wp-content\/uploads\/2020\/11\/FEUX-768x507.jpg 768w, https:\/\/www.elwatan.com\/wp-content\/uploads\/2020\/11\/FEUX-1024x676.jpg 1024w\" sizes=\"auto, (max-width: 1200px) 100vw, 1200px\"><\/div>\n<p>Le pr\u00e9sident de la R\u00e9publique, Abdelmadjid Tebboune a proc\u00e9d\u00e9 lundi 16 ao\u00fbt \u00e0 l\u2019installation de la Commission nationale d\u2019\u00e9valuation et d\u2019indemnisation des sinistr\u00e9s des feux de for\u00eats qu\u2019ont connu plusieurs wilayas, a indiqu\u00e9 la Pr\u00e9sidence de la R\u00e9publique dans un communiqu\u00e9.<\/p>\n<p>\u00ab\u00a0Apr\u00e8s la lecture de la Fatiha \u00e0 la m\u00e9moire des martyrs, civils et miliaires, le Pr\u00e9sident a donn\u00e9 des instructions fermes aux membres de la Commission pour coordonner leur travail avec tous les secteurs et les commissions de wilaya pr\u00e9sid\u00e9es par les walis et proc\u00e9der dans l\u2019imm\u00e9diat \u00e0 l\u2019indemnisation des sinistr\u00e9s\u00a0\u00bb, pr\u00e9cise la m\u00eame source. \u00ab\u00a0La Commission a pour principale mission de r\u00e9ceptionner les dossiers des commissions de wilaya charg\u00e9es de l\u2019\u00e9valuation des d\u00e9g\u00e2ts\u00a0\u00bb, note le communiqu\u00e9, ajoutant que le chef de l\u2019Etat a instruit les membres de la Commission de travailler, en toute transparence et \u00e9quit\u00e9, en associant les chefs de comit\u00e9s de villages dans l\u2019\u00e9laboration des listes des sinistr\u00e9s qui b\u00e9n\u00e9ficieront du soutien total de l\u2019Etat. M. Tebboune a d\u00e9cid\u00e9, par ailleurs, \u00ab\u00a0d\u2019attribuer une allocation d\u2019un (1) million de dinars au profit des familles des martyrs, civils et militaires, qui sera octroy\u00e9e aux parents du martyr s\u2019il \u00e9tait c\u00e9libataire ou \u00e0 son conjoint\u00a0\u00bb. Avant la cl\u00f4ture de la session, le Pr\u00e9sident a de nouveau salu\u00e9 \u00ab\u00a0l\u2019\u00e9lan de solidarit\u00e9 du peuple alg\u00e9rien qui traduit la grandeur de ce dernier et qui se veut une r\u00e9ponse forte \u00e0 tous ceux qui tentent d\u2019exploiter cette conjoncture difficile que la nation surmontera s\u00fbrement\u00a0\u00bb. \u00ab\u00a0Le Conseiller \u00e0 la pr\u00e9sidence de la R\u00e9publique charg\u00e9 des Relations ext\u00e9rieures, Abdelhafidh Allahoum, a \u00e9t\u00e9 charg\u00e9 par le Pr\u00e9sident Tebboune de pr\u00e9sider la commission\u00a0\u00bb, a conclu le communiqu\u00e9.<\/p>\n<p style=\"text-align: right;\"><em><strong>APS<\/strong><\/em><\/p>\n<p>L\u2019article <a rel=\"nofollow\" href=\"https:\/\/www.elwatan.com\/edition\/actualite\/feux-de-forets-m-tebboune-installe-la-commission-nationale-devaluation-et-dindemnisation-des-sinistres-16-08-2021\">Feux de for\u00eats : M. Tebboune installe la Commission nationale d\u2019\u00e9valuation et d\u2019indemnisation des sinistr\u00e9s<\/a> est apparu en premier sur <a rel=\"nofollow\" href=\"https:\/\/www.elwatan.com\/\">El Watan<\/a>.<\/p>\n<\/div>\n<p>Auteur: Mohand Yahiaoui<br \/>\n<a href=\"https:\/\/www.elwatan.com\/edition\/actualite\/feux-de-forets-m-tebboune-installe-la-commission-nationale-devaluation-et-dindemnisation-des-sinistres-16-08-2021\">Cliquez ici pour lire l&rsquo;article depuis sa source.<\/a><\/p>\n","protected":false},"excerpt":{"rendered":"<p>Le pr\u00e9sident de la R\u00e9publique, Abdelmadjid Tebboune a proc\u00e9d\u00e9 lundi 16 ao\u00fbt \u00e0 l\u2019installation de la Commission nationale d\u2019\u00e9valuation et d\u2019indemnisation des sinistr\u00e9s des feux de for\u00eats qu\u2019ont connu plusieurs wilayas, a indiqu\u00e9 la Pr\u00e9sidence de la R\u00e9publique dans un communiqu\u00e9. \u00ab\u00a0Apr\u00e8s la lecture de la Fatiha \u00e0 la m\u00e9moire des martyrs, civils et miliaires, [&hellip;]<\/p>\n","protected":false},"author":1743,"featured_media":0,"comment_status":"closed","ping_status":"closed","sticky":false,"template":"","format":"standard","meta":{"fifu_image_url":"https:\/\/www.elwatan.com\/wp-content\/uploads\/2020\/11\/FEUX.jpg","fifu_image_alt":"Feux de for\u00eats : M. Tebboune installe la Commission nationale d\u2019\u00e9valuation et d\u2019indemnisation des sinistr\u00e9s","footnotes":""},"categories":[73,53],"tags":[],"class_list":["post-124290","post","type-post","status-publish","format-standard","hentry","category-actualite","category-algerie"],"_links":{"self":[{"href":"https:\/\/linitiative.ca\/International\/wp-json\/wp\/v2\/posts\/124290","targetHints":{"allow":["GET"]}}],"collection":[{"href":"https:\/\/linitiative.ca\/International\/wp-json\/wp\/v2\/posts"}],"about":[{"href":"https:\/\/linitiative.ca\/International\/wp-json\/wp\/v2\/types\/post"}],"author":[{"embeddable":true,"href":"https:\/\/linitiative.ca\/International\/wp-json\/wp\/v2\/users\/1743"}],"replies":[{"embeddable":true,"href":"https:\/\/linitiative.ca\/International\/wp-json\/wp\/v2\/comments?post=124290"}],"version-history":[{"count":0,"href":"https:\/\/linitiative.ca\/International\/wp-json\/wp\/v2\/posts\/124290\/revisions"}],"wp:attachment":[{"href":"https:\/\/linitiative.ca\/International\/wp-json\/wp\/v2\/media?parent=124290"}],"wp:term":[{"taxonomy":"category","embeddable":true,"href":"https:\/\/linitiative.ca\/International\/wp-json\/wp\/v2\/categories?post=124290"},{"taxonomy":"post_tag","embeddable":true,"href":"https:\/\/linitiative.ca\/International\/wp-json\/wp\/v2\/tags?post=124290"}],"curies":[{"name":"wp","href":"https:\/\/api.w.org\/{rel}","templated":true}]}}