{"id":124300,"date":"2021-08-16T08:13:00","date_gmt":"2021-08-16T12:13:00","guid":{"rendered":"https:\/\/linitiative.ca\/International\/vient-de-paraitre-lere-bourguiba-de-khalifa-chater-lhistoire-et-les-revelations\/"},"modified":"2021-08-16T08:13:00","modified_gmt":"2021-08-16T12:13:00","slug":"vient-de-paraitre-lere-bourguiba-de-khalifa-chater-lhistoire-et-les-revelations","status":"publish","type":"post","link":"https:\/\/linitiative.ca\/International\/vient-de-paraitre-lere-bourguiba-de-khalifa-chater-lhistoire-et-les-revelations\/","title":{"rendered":"Vient de paraitre &#8211; \u2018\u2019L\u2019\u00e8re Bourguiba\u2019\u2019, de Khalifa Chater : l\u2019histoire et les r\u00e9v\u00e9lations"},"content":{"rendered":"<div><img decoding=\"async\" src=\"https:\/\/linitiative.ca\/International\/wp-content\/uploads\/sites\/23\/2021\/08\/1629112564_article.jpg\" alt=\"Vient de paraitre - \u2018\u2019L\u2019\u00e8re Bourguiba\u2019\u2019, de Khalifa Chater : l\u2019histoire et les r\u00e9v\u00e9lations\" align=\"left\">Revisiter le parcours militant du \u2018\u2019Combattant supr\u00eame\u2019\u2019 Habib Bourguiba, et analyser sa gestion du pouvoir \u00e0 l\u2019\u00e9preuve de successives crises : Khalifa Chater, en historien et en analyste, s\u2019y emploie utilement. Dans son r\u00e9cent ouvrage \u2018\u2019L\u2019\u00e8re de Bourguiba\u2019\u2019, paru chez AC \u00c9ditions, il livre des \u00e9clairages int\u00e9ressant sur la vie et l\u2019\u0153uvre du leader tunisien. La partie sur la main \u00e9trang\u00e8re, r\u00e9elle ou suppos\u00e9e dans le coup d\u2019Etat du 7 novembre 1987 est particuli\u00e8rement croustillante.<br \/>\nL\u2019essai de Khalifa Chater, pr\u00e9fac\u00e9 par le Pr Abdelbaki Hermassi, se veut un r\u00e9cit historique, mais aussi agr\u00e9ment\u00e9 d\u2019histoires, r\u00e9v\u00e9latrices d\u2019autres &#8230;<\/p>\n<\/div>\n<p>Auteur:<br \/>\n<a href=\"https:\/\/www.leaders.com.tn\/article\/32293-vient-de-paraitre-l-ere-bourguiba-de-khalifa-chater-l-histoire-et-les-revelations\">Cliquez ici pour lire l&rsquo;article depuis sa source.<\/a><\/p>\n","protected":false},"excerpt":{"rendered":"<p>Revisiter le parcours militant du \u2018\u2019Combattant supr\u00eame\u2019\u2019 Habib Bourguiba, et analyser sa gestion du pouvoir \u00e0 l\u2019\u00e9preuve de successives crises : Khalifa Chater, en historien et en analyste, s\u2019y emploie utilement. Dans son r\u00e9cent ouvrage \u2018\u2019L\u2019\u00e8re de Bourguiba\u2019\u2019, paru chez AC \u00c9ditions, il livre des \u00e9clairages int\u00e9ressant sur la vie et l\u2019\u0153uvre du leader tunisien. [&hellip;]<\/p>\n","protected":false},"author":1772,"featured_media":0,"comment_status":"closed","ping_status":"closed","sticky":false,"template":"","format":"standard","meta":{"fifu_image_url":"http:\/\/www.leaders.com.tn\/uploads\/content\/thumbnails_small\/1629112564_article.jpg","fifu_image_alt":"Vient de paraitre - \u2018\u2019L\u2019\u00e8re Bourguiba\u2019\u2019, de Khalifa Chater : l\u2019histoire et les r\u00e9v\u00e9lations","footnotes":""},"categories":[73,55],"tags":[],"class_list":["post-124300","post","type-post","status-publish","format-standard","hentry","category-actualite","category-tunisie"],"_links":{"self":[{"href":"https:\/\/linitiative.ca\/International\/wp-json\/wp\/v2\/posts\/124300","targetHints":{"allow":["GET"]}}],"collection":[{"href":"https:\/\/linitiative.ca\/International\/wp-json\/wp\/v2\/posts"}],"about":[{"href":"https:\/\/linitiative.ca\/International\/wp-json\/wp\/v2\/types\/post"}],"author":[{"embeddable":true,"href":"https:\/\/linitiative.ca\/International\/wp-json\/wp\/v2\/users\/1772"}],"replies":[{"embeddable":true,"href":"https:\/\/linitiative.ca\/International\/wp-json\/wp\/v2\/comments?post=124300"}],"version-history":[{"count":0,"href":"https:\/\/linitiative.ca\/International\/wp-json\/wp\/v2\/posts\/124300\/revisions"}],"wp:attachment":[{"href":"https:\/\/linitiative.ca\/International\/wp-json\/wp\/v2\/media?parent=124300"}],"wp:term":[{"taxonomy":"category","embeddable":true,"href":"https:\/\/linitiative.ca\/International\/wp-json\/wp\/v2\/categories?post=124300"},{"taxonomy":"post_tag","embeddable":true,"href":"https:\/\/linitiative.ca\/International\/wp-json\/wp\/v2\/tags?post=124300"}],"curies":[{"name":"wp","href":"https:\/\/api.w.org\/{rel}","templated":true}]}}