{"id":124303,"date":"2021-08-16T06:00:00","date_gmt":"2021-08-16T10:00:00","guid":{"rendered":"https:\/\/linitiative.ca\/International\/presbytie-quels-sont-les-signes\/"},"modified":"2021-08-16T06:00:00","modified_gmt":"2021-08-16T10:00:00","slug":"presbytie-quels-sont-les-signes","status":"publish","type":"post","link":"https:\/\/linitiative.ca\/International\/presbytie-quels-sont-les-signes\/","title":{"rendered":"Presbytie, quels sont les signes ?"},"content":{"rendered":"<div>La presbytie survient \u00e0 partir de 40 ans&#8230; Mais quels sont les premiers signes ? \u00eates-vous d\u00e9j\u00e0 concern\u00e9 ? Contrairement aux id\u00e9es re\u00e7ues, elle ne se manifeste pas que par une moins bonne vision de pr\u00e8s&#8230;<\/div>\n<p>Auteur:<br \/>\n<a href=\"https:\/\/www.lesoirdalgerie.com\/femme-magazine\/presbytie-quels-sont-les-signes-65922\">Cliquez ici pour lire l&rsquo;article depuis sa source.<\/a><\/p>\n","protected":false},"excerpt":{"rendered":"<p>La presbytie survient \u00e0 partir de 40 ans&#8230; Mais quels sont les premiers signes ? \u00eates-vous d\u00e9j\u00e0 concern\u00e9 ? Contrairement aux id\u00e9es re\u00e7ues, elle ne se manifeste pas que par une moins bonne vision de pr\u00e8s&#8230; Auteur: Cliquez ici pour lire l&rsquo;article depuis sa source.<\/p>\n","protected":false},"author":1741,"featured_media":0,"comment_status":"closed","ping_status":"closed","sticky":false,"template":"","format":"standard","meta":{"fifu_image_url":"","fifu_image_alt":"","footnotes":""},"categories":[73,53],"tags":[],"class_list":["post-124303","post","type-post","status-publish","format-standard","hentry","category-actualite","category-algerie"],"_links":{"self":[{"href":"https:\/\/linitiative.ca\/International\/wp-json\/wp\/v2\/posts\/124303","targetHints":{"allow":["GET"]}}],"collection":[{"href":"https:\/\/linitiative.ca\/International\/wp-json\/wp\/v2\/posts"}],"about":[{"href":"https:\/\/linitiative.ca\/International\/wp-json\/wp\/v2\/types\/post"}],"author":[{"embeddable":true,"href":"https:\/\/linitiative.ca\/International\/wp-json\/wp\/v2\/users\/1741"}],"replies":[{"embeddable":true,"href":"https:\/\/linitiative.ca\/International\/wp-json\/wp\/v2\/comments?post=124303"}],"version-history":[{"count":0,"href":"https:\/\/linitiative.ca\/International\/wp-json\/wp\/v2\/posts\/124303\/revisions"}],"wp:attachment":[{"href":"https:\/\/linitiative.ca\/International\/wp-json\/wp\/v2\/media?parent=124303"}],"wp:term":[{"taxonomy":"category","embeddable":true,"href":"https:\/\/linitiative.ca\/International\/wp-json\/wp\/v2\/categories?post=124303"},{"taxonomy":"post_tag","embeddable":true,"href":"https:\/\/linitiative.ca\/International\/wp-json\/wp\/v2\/tags?post=124303"}],"curies":[{"name":"wp","href":"https:\/\/api.w.org\/{rel}","templated":true}]}}