{"id":124304,"date":"2021-08-16T07:57:46","date_gmt":"2021-08-16T11:57:46","guid":{"rendered":"https:\/\/linitiative.ca\/International\/formation-le-groupe-tanger-med-lance-un-3eme-campus-de-lecole-1337\/"},"modified":"2021-08-16T07:57:46","modified_gmt":"2021-08-16T11:57:46","slug":"formation-le-groupe-tanger-med-lance-un-3eme-campus-de-lecole-1337","status":"publish","type":"post","link":"https:\/\/linitiative.ca\/International\/formation-le-groupe-tanger-med-lance-un-3eme-campus-de-lecole-1337\/","title":{"rendered":"Formation. Le Groupe Tanger Med lance un 3\u00e8me campus de l\u2019Ecole 1337"},"content":{"rendered":"<div><img decoding=\"async\" width=\"1440\" height=\"960\" src=\"https:\/\/linitiative.ca\/International\/wp-content\/uploads\/sites\/23\/2021\/08\/Photo-Tanger-Med.jpeg\" class=\"attachment-post-thumbnail size-post-thumbnail wp-post-image\" alt=\"\" loading=\"lazy\" srcset=\"https:\/\/linitiative.ca\/International\/wp-content\/uploads\/sites\/23\/2021\/08\/Photo-Tanger-Med.jpeg 1440w, https:\/\/www.challenge.ma\/wp-content\/uploads\/2021\/08\/Photo-Tanger-Med-300x200.jpeg 300w, https:\/\/www.challenge.ma\/wp-content\/uploads\/2021\/08\/Photo-Tanger-Med-1024x683.jpeg 1024w, https:\/\/www.challenge.ma\/wp-content\/uploads\/2021\/08\/Photo-Tanger-Med-768x512.jpeg 768w, https:\/\/www.challenge.ma\/wp-content\/uploads\/2021\/08\/Photo-Tanger-Med-360x240.jpeg 360w, https:\/\/www.challenge.ma\/wp-content\/uploads\/2021\/08\/Photo-Tanger-Med-750x500.jpeg 750w\" sizes=\"auto, (max-width: 1440px) 100vw, 1440px\" itemprop=\"image\">Fort du succ\u00e8s des deux campus de l\u2019Ecole 1337 situ\u00e9s \u00e0 Khouribga et Benguerir, le Groupe Tanger Med portera, \u00e0 travers sa Fondation, la cr\u00e9ation d\u2019un troisi\u00e8me campus baptis\u00e9 1337 MED en partenariat avec l\u2019Universit\u00e9 Mohammed VI Polytechnique (UM6P). Une nouvelle plateforme de formation qui ouvrira ses portes \u00e0 l\u2019automne<\/div>\n<p>Auteur: challenge<br \/>\n<a href=\"https:\/\/www.challenge.ma\/formation-le-groupe-tanger-med-lance-un-3eme-campus-de-lecole-1337-195796\/\">Cliquez ici pour lire l&rsquo;article depuis sa source.<\/a><\/p>\n","protected":false},"excerpt":{"rendered":"<p>Fort du succ\u00e8s des deux campus de l\u2019Ecole 1337 situ\u00e9s \u00e0 Khouribga et Benguerir, le Groupe Tanger Med portera, \u00e0 travers sa Fondation, la cr\u00e9ation d\u2019un troisi\u00e8me campus baptis\u00e9 1337 MED en partenariat avec l\u2019Universit\u00e9 Mohammed VI Polytechnique (UM6P). Une nouvelle plateforme de formation qui ouvrira ses portes \u00e0 l\u2019automne Auteur: challenge Cliquez ici pour [&hellip;]<\/p>\n","protected":false},"author":1787,"featured_media":0,"comment_status":"closed","ping_status":"closed","sticky":false,"template":"","format":"standard","meta":{"fifu_image_url":"https:\/\/www.challenge.ma\/wp-content\/uploads\/2021\/08\/Photo-Tanger-Med.jpeg","fifu_image_alt":"Formation. Le Groupe Tanger Med lance un 3\u00e8me campus de l\u2019Ecole 1337","footnotes":""},"categories":[78,54],"tags":[],"class_list":["post-124304","post","type-post","status-publish","format-standard","hentry","category-economie","category-maroc"],"_links":{"self":[{"href":"https:\/\/linitiative.ca\/International\/wp-json\/wp\/v2\/posts\/124304","targetHints":{"allow":["GET"]}}],"collection":[{"href":"https:\/\/linitiative.ca\/International\/wp-json\/wp\/v2\/posts"}],"about":[{"href":"https:\/\/linitiative.ca\/International\/wp-json\/wp\/v2\/types\/post"}],"author":[{"embeddable":true,"href":"https:\/\/linitiative.ca\/International\/wp-json\/wp\/v2\/users\/1787"}],"replies":[{"embeddable":true,"href":"https:\/\/linitiative.ca\/International\/wp-json\/wp\/v2\/comments?post=124304"}],"version-history":[{"count":0,"href":"https:\/\/linitiative.ca\/International\/wp-json\/wp\/v2\/posts\/124304\/revisions"}],"wp:attachment":[{"href":"https:\/\/linitiative.ca\/International\/wp-json\/wp\/v2\/media?parent=124304"}],"wp:term":[{"taxonomy":"category","embeddable":true,"href":"https:\/\/linitiative.ca\/International\/wp-json\/wp\/v2\/categories?post=124304"},{"taxonomy":"post_tag","embeddable":true,"href":"https:\/\/linitiative.ca\/International\/wp-json\/wp\/v2\/tags?post=124304"}],"curies":[{"name":"wp","href":"https:\/\/api.w.org\/{rel}","templated":true}]}}