{"id":124306,"date":"2021-08-16T08:19:45","date_gmt":"2021-08-16T12:19:45","guid":{"rendered":"https:\/\/linitiative.ca\/International\/recettes-fiscales-une-evolution-positive-a-lexception-des-recettes-is\/"},"modified":"2021-08-16T08:19:45","modified_gmt":"2021-08-16T12:19:45","slug":"recettes-fiscales-une-evolution-positive-a-lexception-des-recettes-is","status":"publish","type":"post","link":"https:\/\/linitiative.ca\/International\/recettes-fiscales-une-evolution-positive-a-lexception-des-recettes-is\/","title":{"rendered":"Recettes fiscales. une \u00e9volution positive, \u00e0 l\u2019exception des recettes IS"},"content":{"rendered":"<div><img decoding=\"async\" width=\"680\" height=\"400\" src=\"https:\/\/linitiative.ca\/International\/wp-content\/uploads\/sites\/23\/2021\/08\/recetts-fisc.jpg\" class=\"attachment-post-thumbnail size-post-thumbnail wp-post-image\" alt=\"\" loading=\"lazy\" srcset=\"https:\/\/linitiative.ca\/International\/wp-content\/uploads\/sites\/23\/2021\/08\/recetts-fisc.jpg 680w, https:\/\/www.challenge.ma\/wp-content\/uploads\/2021\/08\/recetts-fisc-300x176.jpg 300w, https:\/\/www.challenge.ma\/wp-content\/uploads\/2021\/08\/recetts-fisc-360x212.jpg 360w\" sizes=\"auto, (max-width: 680px) 100vw, 680px\" itemprop=\"image\">A fin juillet 2021, les recettes fiscales ont, en g\u00e9n\u00e9ral, \u00e9volu\u00e9 positivement, par rapport \u00e0 fin juillet 2020, \u00e0 l\u2019exception des recettes provenant de l\u2019IS, imp\u00f4t vers\u00e9 sous formes d\u2019acomptes trimestriels, sur la base des r\u00e9sultats d\u00e9clar\u00e9s au titre de l\u2019exercice comptable ant\u00e9rieur (2020). C\u2019est surtout la TVA, imp\u00f4t sur<\/div>\n<p>Auteur: Mohamed Amine<br \/>\n<a href=\"https:\/\/www.challenge.ma\/recettes-fiscales-une-evolution-positive-a-lexception-des-recettes-is-195801\/\">Cliquez ici pour lire l&rsquo;article depuis sa source.<\/a><\/p>\n","protected":false},"excerpt":{"rendered":"<p>A fin juillet 2021, les recettes fiscales ont, en g\u00e9n\u00e9ral, \u00e9volu\u00e9 positivement, par rapport \u00e0 fin juillet 2020, \u00e0 l\u2019exception des recettes provenant de l\u2019IS, imp\u00f4t vers\u00e9 sous formes d\u2019acomptes trimestriels, sur la base des r\u00e9sultats d\u00e9clar\u00e9s au titre de l\u2019exercice comptable ant\u00e9rieur (2020). C\u2019est surtout la TVA, imp\u00f4t sur Auteur: Mohamed Amine Cliquez ici [&hellip;]<\/p>\n","protected":false},"author":1787,"featured_media":0,"comment_status":"closed","ping_status":"closed","sticky":false,"template":"","format":"standard","meta":{"fifu_image_url":"https:\/\/www.challenge.ma\/wp-content\/uploads\/2021\/08\/recetts-fisc.jpg","fifu_image_alt":"Recettes fiscales. une \u00e9volution positive, \u00e0 l\u2019exception des recettes IS","footnotes":""},"categories":[78,54],"tags":[],"class_list":["post-124306","post","type-post","status-publish","format-standard","hentry","category-economie","category-maroc"],"_links":{"self":[{"href":"https:\/\/linitiative.ca\/International\/wp-json\/wp\/v2\/posts\/124306","targetHints":{"allow":["GET"]}}],"collection":[{"href":"https:\/\/linitiative.ca\/International\/wp-json\/wp\/v2\/posts"}],"about":[{"href":"https:\/\/linitiative.ca\/International\/wp-json\/wp\/v2\/types\/post"}],"author":[{"embeddable":true,"href":"https:\/\/linitiative.ca\/International\/wp-json\/wp\/v2\/users\/1787"}],"replies":[{"embeddable":true,"href":"https:\/\/linitiative.ca\/International\/wp-json\/wp\/v2\/comments?post=124306"}],"version-history":[{"count":0,"href":"https:\/\/linitiative.ca\/International\/wp-json\/wp\/v2\/posts\/124306\/revisions"}],"wp:attachment":[{"href":"https:\/\/linitiative.ca\/International\/wp-json\/wp\/v2\/media?parent=124306"}],"wp:term":[{"taxonomy":"category","embeddable":true,"href":"https:\/\/linitiative.ca\/International\/wp-json\/wp\/v2\/categories?post=124306"},{"taxonomy":"post_tag","embeddable":true,"href":"https:\/\/linitiative.ca\/International\/wp-json\/wp\/v2\/tags?post=124306"}],"curies":[{"name":"wp","href":"https:\/\/api.w.org\/{rel}","templated":true}]}}