{"id":124308,"date":"2021-08-16T08:41:33","date_gmt":"2021-08-16T12:41:33","guid":{"rendered":"https:\/\/linitiative.ca\/International\/alerte-meteo-des-temperatures-caniculaires-attendues-dans-le-royaume\/"},"modified":"2021-08-16T08:41:33","modified_gmt":"2021-08-16T12:41:33","slug":"alerte-meteo-des-temperatures-caniculaires-attendues-dans-le-royaume","status":"publish","type":"post","link":"https:\/\/linitiative.ca\/International\/alerte-meteo-des-temperatures-caniculaires-attendues-dans-le-royaume\/","title":{"rendered":"Alerte m\u00e9t\u00e9o. Des temp\u00e9ratures caniculaires attendues dans le Royaume"},"content":{"rendered":"<div><img decoding=\"async\" width=\"780\" height=\"468\" src=\"https:\/\/linitiative.ca\/International\/wp-content\/uploads\/sites\/23\/2021\/08\/Meteo-2.jpg\" class=\"attachment-post-thumbnail size-post-thumbnail wp-post-image\" alt=\"\" loading=\"lazy\" srcset=\"https:\/\/linitiative.ca\/International\/wp-content\/uploads\/sites\/23\/2021\/08\/Meteo-2.jpg 780w, https:\/\/www.challenge.ma\/wp-content\/uploads\/2021\/08\/Meteo-2-300x180.jpg 300w, https:\/\/www.challenge.ma\/wp-content\/uploads\/2021\/08\/Meteo-2-768x461.jpg 768w, https:\/\/www.challenge.ma\/wp-content\/uploads\/2021\/08\/Meteo-2-360x216.jpg 360w, https:\/\/www.challenge.ma\/wp-content\/uploads\/2021\/08\/Meteo-2-750x450.jpg 750w\" sizes=\"auto, (max-width: 780px) 100vw, 780px\" itemprop=\"image\">Une vague de chaleur d\u2019un niveau de vigilance rouge et orange est pr\u00e9vue en ce lundi 16 ao\u00fbt, mais \u00e9galement demain mardi 17 ao\u00fbt dans plusieurs provinces du Royaume, selon la Direction g\u00e9n\u00e9rale de la m\u00e9t\u00e9orologie (DGM) dans un bulletin d\u2019alerte. Ainsi, des temp\u00e9ratures variant entre 45 et 49\u00b0C concerneront<\/div>\n<p>Auteur: challenge<br \/>\n<a href=\"https:\/\/www.challenge.ma\/alerte-meteo-des-temperatures-caniculaires-attendues-dans-le-royaume-195812\/\">Cliquez ici pour lire l&rsquo;article depuis sa source.<\/a><\/p>\n","protected":false},"excerpt":{"rendered":"<p>Une vague de chaleur d\u2019un niveau de vigilance rouge et orange est pr\u00e9vue en ce lundi 16 ao\u00fbt, mais \u00e9galement demain mardi 17 ao\u00fbt dans plusieurs provinces du Royaume, selon la Direction g\u00e9n\u00e9rale de la m\u00e9t\u00e9orologie (DGM) dans un bulletin d\u2019alerte. Ainsi, des temp\u00e9ratures variant entre 45 et 49\u00b0C concerneront Auteur: challenge Cliquez ici pour [&hellip;]<\/p>\n","protected":false},"author":1787,"featured_media":0,"comment_status":"closed","ping_status":"closed","sticky":false,"template":"","format":"standard","meta":{"fifu_image_url":"https:\/\/www.challenge.ma\/wp-content\/uploads\/2021\/08\/Meteo-2.jpg","fifu_image_alt":"Alerte m\u00e9t\u00e9o. Des temp\u00e9ratures caniculaires attendues dans le Royaume","footnotes":""},"categories":[78,54],"tags":[],"class_list":["post-124308","post","type-post","status-publish","format-standard","hentry","category-economie","category-maroc"],"_links":{"self":[{"href":"https:\/\/linitiative.ca\/International\/wp-json\/wp\/v2\/posts\/124308","targetHints":{"allow":["GET"]}}],"collection":[{"href":"https:\/\/linitiative.ca\/International\/wp-json\/wp\/v2\/posts"}],"about":[{"href":"https:\/\/linitiative.ca\/International\/wp-json\/wp\/v2\/types\/post"}],"author":[{"embeddable":true,"href":"https:\/\/linitiative.ca\/International\/wp-json\/wp\/v2\/users\/1787"}],"replies":[{"embeddable":true,"href":"https:\/\/linitiative.ca\/International\/wp-json\/wp\/v2\/comments?post=124308"}],"version-history":[{"count":0,"href":"https:\/\/linitiative.ca\/International\/wp-json\/wp\/v2\/posts\/124308\/revisions"}],"wp:attachment":[{"href":"https:\/\/linitiative.ca\/International\/wp-json\/wp\/v2\/media?parent=124308"}],"wp:term":[{"taxonomy":"category","embeddable":true,"href":"https:\/\/linitiative.ca\/International\/wp-json\/wp\/v2\/categories?post=124308"},{"taxonomy":"post_tag","embeddable":true,"href":"https:\/\/linitiative.ca\/International\/wp-json\/wp\/v2\/tags?post=124308"}],"curies":[{"name":"wp","href":"https:\/\/api.w.org\/{rel}","templated":true}]}}