{"id":124312,"date":"2021-08-16T12:08:34","date_gmt":"2021-08-16T16:08:34","guid":{"rendered":"https:\/\/linitiative.ca\/International\/chefchaouen-un-incendie-ayant-deja-ravage-pres-de-725-hectares-de-massifs-forestiers\/"},"modified":"2021-08-16T12:08:34","modified_gmt":"2021-08-16T16:08:34","slug":"chefchaouen-un-incendie-ayant-deja-ravage-pres-de-725-hectares-de-massifs-forestiers","status":"publish","type":"post","link":"https:\/\/linitiative.ca\/International\/chefchaouen-un-incendie-ayant-deja-ravage-pres-de-725-hectares-de-massifs-forestiers\/","title":{"rendered":"Chefchaouen. Un incendie ayant d\u00e9j\u00e0 ravag\u00e9 pr\u00e8s de 725 hectares de massifs forestiers"},"content":{"rendered":"<div><img decoding=\"async\" width=\"458\" height=\"277\" src=\"https:\/\/linitiative.ca\/International\/wp-content\/uploads\/sites\/23\/2021\/08\/feux-de-foret.jpg\" class=\"attachment-post-thumbnail size-post-thumbnail wp-post-image\" alt=\"\" loading=\"lazy\" srcset=\"https:\/\/linitiative.ca\/International\/wp-content\/uploads\/sites\/23\/2021\/08\/feux-de-foret.jpg 458w, https:\/\/www.challenge.ma\/wp-content\/uploads\/2021\/08\/feux-de-foret-300x181.jpg 300w, https:\/\/www.challenge.ma\/wp-content\/uploads\/2021\/08\/feux-de-foret-360x218.jpg 360w\" sizes=\"auto, (max-width: 458px) 100vw, 458px\" itemprop=\"image\">Les efforts se poursuivaient ce lundi 16 ao\u00fbt pour ma\u00eetriser un incendie ayant ravag\u00e9, en moins de deux jours, environ 725 hectares de la for\u00eat \u00abSougna\u00bb, situ\u00e9e entre les communes de Tanakoub et Derdara, dans la province de Chefchaouen. Ainsi, environ 520 \u00e9l\u00e9ments des Eaux et for\u00eats, de la protection<\/div>\n<p>Auteur: challenge<br \/>\n<a href=\"https:\/\/www.challenge.ma\/chefchaouen-un-incendie-ayant-deja-ravage-pres-de-725-hectares-de-massifs-forestiers-195834\/\">Cliquez ici pour lire l&rsquo;article depuis sa source.<\/a><\/p>\n","protected":false},"excerpt":{"rendered":"<p>Les efforts se poursuivaient ce lundi 16 ao\u00fbt pour ma\u00eetriser un incendie ayant ravag\u00e9, en moins de deux jours, environ 725 hectares de la for\u00eat \u00abSougna\u00bb, situ\u00e9e entre les communes de Tanakoub et Derdara, dans la province de Chefchaouen. Ainsi, environ 520 \u00e9l\u00e9ments des Eaux et for\u00eats, de la protection Auteur: challenge Cliquez ici pour [&hellip;]<\/p>\n","protected":false},"author":1787,"featured_media":0,"comment_status":"closed","ping_status":"closed","sticky":false,"template":"","format":"standard","meta":{"fifu_image_url":"https:\/\/www.challenge.ma\/wp-content\/uploads\/2021\/08\/feux-de-foret.jpg","fifu_image_alt":"Chefchaouen. Un incendie ayant d\u00e9j\u00e0 ravag\u00e9 pr\u00e8s de 725 hectares de massifs forestiers","footnotes":""},"categories":[78,54],"tags":[],"class_list":["post-124312","post","type-post","status-publish","format-standard","hentry","category-economie","category-maroc"],"_links":{"self":[{"href":"https:\/\/linitiative.ca\/International\/wp-json\/wp\/v2\/posts\/124312","targetHints":{"allow":["GET"]}}],"collection":[{"href":"https:\/\/linitiative.ca\/International\/wp-json\/wp\/v2\/posts"}],"about":[{"href":"https:\/\/linitiative.ca\/International\/wp-json\/wp\/v2\/types\/post"}],"author":[{"embeddable":true,"href":"https:\/\/linitiative.ca\/International\/wp-json\/wp\/v2\/users\/1787"}],"replies":[{"embeddable":true,"href":"https:\/\/linitiative.ca\/International\/wp-json\/wp\/v2\/comments?post=124312"}],"version-history":[{"count":0,"href":"https:\/\/linitiative.ca\/International\/wp-json\/wp\/v2\/posts\/124312\/revisions"}],"wp:attachment":[{"href":"https:\/\/linitiative.ca\/International\/wp-json\/wp\/v2\/media?parent=124312"}],"wp:term":[{"taxonomy":"category","embeddable":true,"href":"https:\/\/linitiative.ca\/International\/wp-json\/wp\/v2\/categories?post=124312"},{"taxonomy":"post_tag","embeddable":true,"href":"https:\/\/linitiative.ca\/International\/wp-json\/wp\/v2\/tags?post=124312"}],"curies":[{"name":"wp","href":"https:\/\/api.w.org\/{rel}","templated":true}]}}