{"id":124314,"date":"2021-08-16T15:58:23","date_gmt":"2021-08-16T19:58:23","guid":{"rendered":"https:\/\/linitiative.ca\/International\/afghanistan-video-ils-se-sont-agrippes-a-un-avion-devacuation-americain-pour-sechapper-de-kaboul\/"},"modified":"2021-08-16T15:58:23","modified_gmt":"2021-08-16T19:58:23","slug":"afghanistan-video-ils-se-sont-agrippes-a-un-avion-devacuation-americain-pour-sechapper-de-kaboul","status":"publish","type":"post","link":"https:\/\/linitiative.ca\/International\/afghanistan-video-ils-se-sont-agrippes-a-un-avion-devacuation-americain-pour-sechapper-de-kaboul\/","title":{"rendered":"Afghanistan [VIDEO] : Ils se sont agripp\u00e9s \u00e0 un avion d\u2019\u00e9vacuation am\u00e9ricain pour s\u2019\u00e9chapper de Kaboul"},"content":{"rendered":"<div>\n<p>Plusieurs internautes ont partag\u00e9 une vid\u00e9o choquante, montrant un groupe d\u2019afghans agripp\u00e9s \u00e0 un avion d\u2019\u00e9vacuation am\u00e9ricain pour fuir Kaboul et ce apr\u00e8s la prise du pouvoir par les talibans. Les s\u00e9quences ont montr\u00e9 la chute de quelques personnes de l\u2019avion quelques instants apr\u00e8s son accolage. Un cadavre a \u00e9t\u00e9 rep\u00e9r\u00e9 \u00e0 l\u2019a\u00e9roport de Kaboul [\u2026]<\/p>\n<p>L\u2019article <a href=\"https:\/\/www.tunisienumerique.com\/afghanistan-video-ils-se-sont-agrippes-a-un-avion-devacuation-americain-pour-sechapper-de-kaboul\/\">Afghanistan [VIDEO] : Ils se sont agripp\u00e9s \u00e0 un avion d\u2019\u00e9vacuation am\u00e9ricain pour s\u2019\u00e9chapper de Kaboul<\/a> est apparu en premier sur <a href=\"https:\/\/www.tunisienumerique.com\/\">Tunisie<\/a>.<\/p>\n<\/div>\n<p>Auteur: rania ben slimane<br \/>\n<a href=\"https:\/\/www.tunisienumerique.com\/afghanistan-video-ils-se-sont-agrippes-a-un-avion-devacuation-americain-pour-sechapper-de-kaboul\/\">Cliquez ici pour lire l&rsquo;article depuis sa source.<\/a><\/p>\n","protected":false},"excerpt":{"rendered":"<p>Plusieurs internautes ont partag\u00e9 une vid\u00e9o choquante, montrant un groupe d\u2019afghans agripp\u00e9s \u00e0 un avion d\u2019\u00e9vacuation am\u00e9ricain pour fuir Kaboul et ce apr\u00e8s la prise du pouvoir par les talibans. Les s\u00e9quences ont montr\u00e9 la chute de quelques personnes de l\u2019avion quelques instants apr\u00e8s son accolage. Un cadavre a \u00e9t\u00e9 rep\u00e9r\u00e9 \u00e0 l\u2019a\u00e9roport de Kaboul [&hellip;]<\/p>\n","protected":false},"author":1789,"featured_media":0,"comment_status":"closed","ping_status":"closed","sticky":false,"template":"","format":"standard","meta":{"fifu_image_url":"","fifu_image_alt":"","footnotes":""},"categories":[73,55],"tags":[],"class_list":["post-124314","post","type-post","status-publish","format-standard","hentry","category-actualite","category-tunisie"],"_links":{"self":[{"href":"https:\/\/linitiative.ca\/International\/wp-json\/wp\/v2\/posts\/124314","targetHints":{"allow":["GET"]}}],"collection":[{"href":"https:\/\/linitiative.ca\/International\/wp-json\/wp\/v2\/posts"}],"about":[{"href":"https:\/\/linitiative.ca\/International\/wp-json\/wp\/v2\/types\/post"}],"author":[{"embeddable":true,"href":"https:\/\/linitiative.ca\/International\/wp-json\/wp\/v2\/users\/1789"}],"replies":[{"embeddable":true,"href":"https:\/\/linitiative.ca\/International\/wp-json\/wp\/v2\/comments?post=124314"}],"version-history":[{"count":0,"href":"https:\/\/linitiative.ca\/International\/wp-json\/wp\/v2\/posts\/124314\/revisions"}],"wp:attachment":[{"href":"https:\/\/linitiative.ca\/International\/wp-json\/wp\/v2\/media?parent=124314"}],"wp:term":[{"taxonomy":"category","embeddable":true,"href":"https:\/\/linitiative.ca\/International\/wp-json\/wp\/v2\/categories?post=124314"},{"taxonomy":"post_tag","embeddable":true,"href":"https:\/\/linitiative.ca\/International\/wp-json\/wp\/v2\/tags?post=124314"}],"curies":[{"name":"wp","href":"https:\/\/api.w.org\/{rel}","templated":true}]}}