{"id":124316,"date":"2021-08-16T16:41:25","date_gmt":"2021-08-16T20:41:25","guid":{"rendered":"https:\/\/linitiative.ca\/International\/ministere-des-affaires-sociales-decaissement-des-subventions-aux-familles-necessiteuses-et-a-faible-revenu-a-partir-de-cette-date\/"},"modified":"2021-08-16T16:41:25","modified_gmt":"2021-08-16T20:41:25","slug":"ministere-des-affaires-sociales-decaissement-des-subventions-aux-familles-necessiteuses-et-a-faible-revenu-a-partir-de-cette-date","status":"publish","type":"post","link":"https:\/\/linitiative.ca\/International\/ministere-des-affaires-sociales-decaissement-des-subventions-aux-familles-necessiteuses-et-a-faible-revenu-a-partir-de-cette-date\/","title":{"rendered":"Minist\u00e8re des Affaires Sociales : D\u00e9caissement des subventions aux familles n\u00e9cessiteuses et \u00e0 faible revenu \u00e0 partir de cette date"},"content":{"rendered":"<div>\n<p>Dans un communiqu\u00e9 rendu public le 16 ao\u00fbt 2021, le minist\u00e8re des Affaires Sociales a annonc\u00e9 le d\u00e9caissement de l\u2019aide circonstancielle et exceptionnelle, pr\u00e9vue dans l\u2019accord de pr\u00eat conclu le 02 avril 2021, d\u00e8s le d\u00e9but du mois de septembre prochain. Elle a ajout\u00e9 qu\u2019elle a commenc\u00e9 \u00e0 pr\u00e9parer une vision claire et pr\u00e9cise pour [\u2026]<\/p>\n<p>L\u2019article <a href=\"https:\/\/www.tunisienumerique.com\/ministere-des-affaires-sociales-decaissement-des-subventions-aux-familles-necessiteuses-et-a-faible-revenu-a-partir-de-cette-date\/\">Minist\u00e8re des Affaires Sociales : D\u00e9caissement des subventions aux familles n\u00e9cessiteuses et \u00e0 faible revenu \u00e0 partir de cette date<\/a> est apparu en premier sur <a href=\"https:\/\/www.tunisienumerique.com\/\">Tunisie<\/a>.<\/p>\n<\/div>\n<p>Auteur: rania ben slimane<br \/>\n<a href=\"https:\/\/www.tunisienumerique.com\/ministere-des-affaires-sociales-decaissement-des-subventions-aux-familles-necessiteuses-et-a-faible-revenu-a-partir-de-cette-date\/\">Cliquez ici pour lire l&rsquo;article depuis sa source.<\/a><\/p>\n","protected":false},"excerpt":{"rendered":"<p>Dans un communiqu\u00e9 rendu public le 16 ao\u00fbt 2021, le minist\u00e8re des Affaires Sociales a annonc\u00e9 le d\u00e9caissement de l\u2019aide circonstancielle et exceptionnelle, pr\u00e9vue dans l\u2019accord de pr\u00eat conclu le 02 avril 2021, d\u00e8s le d\u00e9but du mois de septembre prochain. Elle a ajout\u00e9 qu\u2019elle a commenc\u00e9 \u00e0 pr\u00e9parer une vision claire et pr\u00e9cise pour [&hellip;]<\/p>\n","protected":false},"author":1789,"featured_media":0,"comment_status":"closed","ping_status":"closed","sticky":false,"template":"","format":"standard","meta":{"fifu_image_url":"","fifu_image_alt":"","footnotes":""},"categories":[73,55],"tags":[],"class_list":["post-124316","post","type-post","status-publish","format-standard","hentry","category-actualite","category-tunisie"],"_links":{"self":[{"href":"https:\/\/linitiative.ca\/International\/wp-json\/wp\/v2\/posts\/124316","targetHints":{"allow":["GET"]}}],"collection":[{"href":"https:\/\/linitiative.ca\/International\/wp-json\/wp\/v2\/posts"}],"about":[{"href":"https:\/\/linitiative.ca\/International\/wp-json\/wp\/v2\/types\/post"}],"author":[{"embeddable":true,"href":"https:\/\/linitiative.ca\/International\/wp-json\/wp\/v2\/users\/1789"}],"replies":[{"embeddable":true,"href":"https:\/\/linitiative.ca\/International\/wp-json\/wp\/v2\/comments?post=124316"}],"version-history":[{"count":0,"href":"https:\/\/linitiative.ca\/International\/wp-json\/wp\/v2\/posts\/124316\/revisions"}],"wp:attachment":[{"href":"https:\/\/linitiative.ca\/International\/wp-json\/wp\/v2\/media?parent=124316"}],"wp:term":[{"taxonomy":"category","embeddable":true,"href":"https:\/\/linitiative.ca\/International\/wp-json\/wp\/v2\/categories?post=124316"},{"taxonomy":"post_tag","embeddable":true,"href":"https:\/\/linitiative.ca\/International\/wp-json\/wp\/v2\/tags?post=124316"}],"curies":[{"name":"wp","href":"https:\/\/api.w.org\/{rel}","templated":true}]}}