{"id":124317,"date":"2021-08-16T16:55:25","date_gmt":"2021-08-16T20:55:25","guid":{"rendered":"https:\/\/linitiative.ca\/International\/tunisie-il-y-a-bien-un-maquillage-des-chiffres-des-deces-par-le-covid\/"},"modified":"2021-08-16T16:55:25","modified_gmt":"2021-08-16T20:55:25","slug":"tunisie-il-y-a-bien-un-maquillage-des-chiffres-des-deces-par-le-covid","status":"publish","type":"post","link":"https:\/\/linitiative.ca\/International\/tunisie-il-y-a-bien-un-maquillage-des-chiffres-des-deces-par-le-covid\/","title":{"rendered":"Tunisie \u2013 Il y a bien un \u201cmaquillage\u201d des chiffres des d\u00e9c\u00e8s par le covid"},"content":{"rendered":"<div>\n<p>TunisieNumerique a attir\u00e9, il y a quelques jours, l\u2019attention de ses lecteurs, sur la toute nouvelle strat\u00e9gie du nouveau locataire de Bab Sa\u00e2doun, qui consiste en le maquillage des chiffres de l\u2019\u00e9pid\u00e9mie, et notamment, ceux des d\u00e9c\u00e8s par le covid, pour donner une fausse impression de r\u00e9ussite fulgurante. Des propos qui n\u2019ont, bien \u00e9videmment, pas [\u2026]<\/p>\n<p>L\u2019article <a href=\"https:\/\/www.tunisienumerique.com\/tunisie-il-y-a-bien-un-maquillage-des-chiffres-des-deces-par-le-covid\/\">Tunisie \u2013 Il y a bien un \u201cmaquillage\u201d des chiffres des d\u00e9c\u00e8s par le covid<\/a> est apparu en premier sur <a href=\"https:\/\/www.tunisienumerique.com\/\">Tunisie<\/a>.<\/p>\n<\/div>\n<p>Auteur: Saber .<br \/>\n<a href=\"https:\/\/www.tunisienumerique.com\/tunisie-il-y-a-bien-un-maquillage-des-chiffres-des-deces-par-le-covid\/\">Cliquez ici pour lire l&rsquo;article depuis sa source.<\/a><\/p>\n","protected":false},"excerpt":{"rendered":"<p>TunisieNumerique a attir\u00e9, il y a quelques jours, l\u2019attention de ses lecteurs, sur la toute nouvelle strat\u00e9gie du nouveau locataire de Bab Sa\u00e2doun, qui consiste en le maquillage des chiffres de l\u2019\u00e9pid\u00e9mie, et notamment, ceux des d\u00e9c\u00e8s par le covid, pour donner une fausse impression de r\u00e9ussite fulgurante. Des propos qui n\u2019ont, bien \u00e9videmment, pas [&hellip;]<\/p>\n","protected":false},"author":1789,"featured_media":0,"comment_status":"closed","ping_status":"closed","sticky":false,"template":"","format":"standard","meta":{"fifu_image_url":"","fifu_image_alt":"","footnotes":""},"categories":[73,55],"tags":[],"class_list":["post-124317","post","type-post","status-publish","format-standard","hentry","category-actualite","category-tunisie"],"_links":{"self":[{"href":"https:\/\/linitiative.ca\/International\/wp-json\/wp\/v2\/posts\/124317","targetHints":{"allow":["GET"]}}],"collection":[{"href":"https:\/\/linitiative.ca\/International\/wp-json\/wp\/v2\/posts"}],"about":[{"href":"https:\/\/linitiative.ca\/International\/wp-json\/wp\/v2\/types\/post"}],"author":[{"embeddable":true,"href":"https:\/\/linitiative.ca\/International\/wp-json\/wp\/v2\/users\/1789"}],"replies":[{"embeddable":true,"href":"https:\/\/linitiative.ca\/International\/wp-json\/wp\/v2\/comments?post=124317"}],"version-history":[{"count":0,"href":"https:\/\/linitiative.ca\/International\/wp-json\/wp\/v2\/posts\/124317\/revisions"}],"wp:attachment":[{"href":"https:\/\/linitiative.ca\/International\/wp-json\/wp\/v2\/media?parent=124317"}],"wp:term":[{"taxonomy":"category","embeddable":true,"href":"https:\/\/linitiative.ca\/International\/wp-json\/wp\/v2\/categories?post=124317"},{"taxonomy":"post_tag","embeddable":true,"href":"https:\/\/linitiative.ca\/International\/wp-json\/wp\/v2\/tags?post=124317"}],"curies":[{"name":"wp","href":"https:\/\/api.w.org\/{rel}","templated":true}]}}