{"id":124319,"date":"2021-08-16T13:51:47","date_gmt":"2021-08-16T17:51:47","guid":{"rendered":"https:\/\/linitiative.ca\/International\/cas-debola-en-rci\/"},"modified":"2021-08-16T13:51:47","modified_gmt":"2021-08-16T17:51:47","slug":"cas-debola-en-rci","status":"publish","type":"post","link":"https:\/\/linitiative.ca\/International\/cas-debola-en-rci\/","title":{"rendered":"CAS D\u2019EBOLA EN RCI"},"content":{"rendered":"<div>\n<p><img decoding=\"async\" width=\"660\" height=\"287\" src=\"https:\/\/linitiative.ca\/International\/wp-content\/uploads\/sites\/23\/2021\/08\/EBOLA.jpg\" class=\"attachment- size- wp-post-image\" alt=\"\" loading=\"lazy\" style=\"float:left; margin:0 15px 15px 0;\" srcset=\"https:\/\/linitiative.ca\/International\/wp-content\/uploads\/sites\/23\/2021\/08\/EBOLA.jpg 660w, https:\/\/lepays.bf\/wp-content\/uploads\/2021\/08\/EBOLA-300x130.jpg 300w\" sizes=\"auto, (max-width: 660px) 100vw, 660px\">Une fille de 18 ans, en provenance de la Guin\u00e9e, a \u00e9t\u00e9 test\u00e9e positive \u00e0 la fi\u00e8vre h\u00e9morragique \u00e0 virus Ebola. Cela s\u2019est pass\u00e9 en C\u00f4te-d\u2019Ivoire, le 14 ao\u00fbt dernier. L\u2019alerte a aussit\u00f4t \u00e9t\u00e9 donn\u00e9e par l\u2019OMS (Organisation mondiale de la sant\u00e9). Les autorit\u00e9s ivoiriennes, en collaboration avec celles de la Guin\u00e9e, sont \u00e0 pied \u2026<\/p>\n<p>L\u2019article <a rel=\"nofollow\" href=\"https:\/\/lepays.bf\/cas-debola-en-rci\/\">CAS D\u2019EBOLA EN RCI<\/a> est apparu en premier sur <a rel=\"nofollow\" href=\"https:\/\/lepays.bf\/\">Editions Le Pays<\/a>.<\/p>\n<\/div>\n<p>Auteur: Editions LEPAYS<br \/>\n<a href=\"https:\/\/lepays.bf\/cas-debola-en-rci\/\">Cliquez ici pour lire l&rsquo;article depuis sa source.<\/a><\/p>\n","protected":false},"excerpt":{"rendered":"<p>Une fille de 18 ans, en provenance de la Guin\u00e9e, a \u00e9t\u00e9 test\u00e9e positive \u00e0 la fi\u00e8vre h\u00e9morragique \u00e0 virus Ebola. Cela s\u2019est pass\u00e9 en C\u00f4te-d\u2019Ivoire, le 14 ao\u00fbt dernier. L\u2019alerte a aussit\u00f4t \u00e9t\u00e9 donn\u00e9e par l\u2019OMS (Organisation mondiale de la sant\u00e9). Les autorit\u00e9s ivoiriennes, en collaboration avec celles de la Guin\u00e9e, sont \u00e0 pied [&hellip;]<\/p>\n","protected":false},"author":1813,"featured_media":0,"comment_status":"closed","ping_status":"closed","sticky":false,"template":"","format":"standard","meta":{"fifu_image_url":"https:\/\/lepays.bf\/wp-content\/uploads\/2021\/08\/EBOLA.jpg","fifu_image_alt":"CAS D\u2019EBOLA EN RCI","footnotes":""},"categories":[73,81],"tags":[],"class_list":["post-124319","post","type-post","status-publish","format-standard","hentry","category-actualite","category-burkina-faso"],"_links":{"self":[{"href":"https:\/\/linitiative.ca\/International\/wp-json\/wp\/v2\/posts\/124319","targetHints":{"allow":["GET"]}}],"collection":[{"href":"https:\/\/linitiative.ca\/International\/wp-json\/wp\/v2\/posts"}],"about":[{"href":"https:\/\/linitiative.ca\/International\/wp-json\/wp\/v2\/types\/post"}],"author":[{"embeddable":true,"href":"https:\/\/linitiative.ca\/International\/wp-json\/wp\/v2\/users\/1813"}],"replies":[{"embeddable":true,"href":"https:\/\/linitiative.ca\/International\/wp-json\/wp\/v2\/comments?post=124319"}],"version-history":[{"count":0,"href":"https:\/\/linitiative.ca\/International\/wp-json\/wp\/v2\/posts\/124319\/revisions"}],"wp:attachment":[{"href":"https:\/\/linitiative.ca\/International\/wp-json\/wp\/v2\/media?parent=124319"}],"wp:term":[{"taxonomy":"category","embeddable":true,"href":"https:\/\/linitiative.ca\/International\/wp-json\/wp\/v2\/categories?post=124319"},{"taxonomy":"post_tag","embeddable":true,"href":"https:\/\/linitiative.ca\/International\/wp-json\/wp\/v2\/tags?post=124319"}],"curies":[{"name":"wp","href":"https:\/\/api.w.org\/{rel}","templated":true}]}}