{"id":124321,"date":"2021-08-16T13:56:47","date_gmt":"2021-08-16T17:56:47","guid":{"rendered":"https:\/\/linitiative.ca\/International\/victoire-dun-opposant-a-la-presidentielle\/"},"modified":"2021-08-16T13:56:47","modified_gmt":"2021-08-16T17:56:47","slug":"victoire-dun-opposant-a-la-presidentielle","status":"publish","type":"post","link":"https:\/\/linitiative.ca\/International\/victoire-dun-opposant-a-la-presidentielle\/","title":{"rendered":"VICTOIRE D\u2019UN OPPOSANT\u00a0A LA PRESIDENTIELLE  \u00a0"},"content":{"rendered":"<div>\n<p><img decoding=\"async\" width=\"664\" height=\"451\" src=\"https:\/\/linitiative.ca\/International\/wp-content\/uploads\/sites\/23\/2021\/08\/ZAMBIE-2.jpg\" class=\"attachment- size- wp-post-image\" alt=\"\" loading=\"lazy\" style=\"float:left; margin:0 15px 15px 0;\" srcset=\"https:\/\/linitiative.ca\/International\/wp-content\/uploads\/sites\/23\/2021\/08\/ZAMBIE-2.jpg 664w, https:\/\/lepays.bf\/wp-content\/uploads\/2021\/08\/ZAMBIE-2-300x204.jpg 300w, https:\/\/lepays.bf\/wp-content\/uploads\/2021\/08\/ZAMBIE-2-220x150.jpg 220w\" sizes=\"auto, (max-width: 664px) 100vw, 664px\">Hakainde Hichilema. C\u2019est le nom du nouveau pr\u00e9sident zambien d\u00e9clar\u00e9 vainqueur par la Commission \u00e9lectorale, le 16 ao\u00fbt dernier, du scrutin qui l\u2019a oppos\u00e9 au pr\u00e9sident sortant et candidat \u00e0 sa propre succession, Edgar Lungu. En attendant la confirmation de ces r\u00e9sultats par l\u2019instance supr\u00eame de validation des \u00e9lections, cette victoire nette et sans bavure \u2026<\/p>\n<p>L\u2019article <a rel=\"nofollow\" href=\"https:\/\/lepays.bf\/victoire-dun-opposant-a-la-presidentielle\/\">VICTOIRE D\u2019UN OPPOSANT\u00a0A LA PRESIDENTIELLE  \u00a0<\/a> est apparu en premier sur <a rel=\"nofollow\" href=\"https:\/\/lepays.bf\/\">Editions Le Pays<\/a>.<\/p>\n<\/div>\n<p>Auteur: Editions LEPAYS<br \/>\n<a href=\"https:\/\/lepays.bf\/victoire-dun-opposant-a-la-presidentielle\/\">Cliquez ici pour lire l&rsquo;article depuis sa source.<\/a><\/p>\n","protected":false},"excerpt":{"rendered":"<p>Hakainde Hichilema. C\u2019est le nom du nouveau pr\u00e9sident zambien d\u00e9clar\u00e9 vainqueur par la Commission \u00e9lectorale, le 16 ao\u00fbt dernier, du scrutin qui l\u2019a oppos\u00e9 au pr\u00e9sident sortant et candidat \u00e0 sa propre succession, Edgar Lungu. En attendant la confirmation de ces r\u00e9sultats par l\u2019instance supr\u00eame de validation des \u00e9lections, cette victoire nette et sans bavure [&hellip;]<\/p>\n","protected":false},"author":1813,"featured_media":0,"comment_status":"closed","ping_status":"closed","sticky":false,"template":"","format":"standard","meta":{"fifu_image_url":"https:\/\/lepays.bf\/wp-content\/uploads\/2021\/08\/ZAMBIE-2.jpg","fifu_image_alt":"VICTOIRE D\u2019UN OPPOSANT\u00a0A LA PRESIDENTIELLE  \u00a0","footnotes":""},"categories":[73,81],"tags":[],"class_list":["post-124321","post","type-post","status-publish","format-standard","hentry","category-actualite","category-burkina-faso"],"_links":{"self":[{"href":"https:\/\/linitiative.ca\/International\/wp-json\/wp\/v2\/posts\/124321","targetHints":{"allow":["GET"]}}],"collection":[{"href":"https:\/\/linitiative.ca\/International\/wp-json\/wp\/v2\/posts"}],"about":[{"href":"https:\/\/linitiative.ca\/International\/wp-json\/wp\/v2\/types\/post"}],"author":[{"embeddable":true,"href":"https:\/\/linitiative.ca\/International\/wp-json\/wp\/v2\/users\/1813"}],"replies":[{"embeddable":true,"href":"https:\/\/linitiative.ca\/International\/wp-json\/wp\/v2\/comments?post=124321"}],"version-history":[{"count":0,"href":"https:\/\/linitiative.ca\/International\/wp-json\/wp\/v2\/posts\/124321\/revisions"}],"wp:attachment":[{"href":"https:\/\/linitiative.ca\/International\/wp-json\/wp\/v2\/media?parent=124321"}],"wp:term":[{"taxonomy":"category","embeddable":true,"href":"https:\/\/linitiative.ca\/International\/wp-json\/wp\/v2\/categories?post=124321"},{"taxonomy":"post_tag","embeddable":true,"href":"https:\/\/linitiative.ca\/International\/wp-json\/wp\/v2\/tags?post=124321"}],"curies":[{"name":"wp","href":"https:\/\/api.w.org\/{rel}","templated":true}]}}