{"id":124323,"date":"2021-08-16T06:20:18","date_gmt":"2021-08-16T10:20:18","guid":{"rendered":"https:\/\/linitiative.ca\/International\/jeux-paralympiques-de-tokyo-2020-victorine-guissou-et-ferdinand-compaore-representeront-le-burkina\/"},"modified":"2021-08-16T06:20:18","modified_gmt":"2021-08-16T10:20:18","slug":"jeux-paralympiques-de-tokyo-2020-victorine-guissou-et-ferdinand-compaore-representeront-le-burkina","status":"publish","type":"post","link":"https:\/\/linitiative.ca\/International\/jeux-paralympiques-de-tokyo-2020-victorine-guissou-et-ferdinand-compaore-representeront-le-burkina\/","title":{"rendered":"Jeux paralympiques de Tokyo 2020 : Victorine Guissou et Ferdinand Compaor\u00e9 repr\u00e9senteront le Burkina."},"content":{"rendered":"<div>\n<p>Victorine Guissou et Ferdinand Compaor\u00e9 repr\u00e9senteront le Burkina pour les jeux paralympiques de Tokyo qui d\u00e9butent le 27 aout 2021. Ferdinand comp\u00e9tit aux 100m, 1500m et saut en longueur et Victorine au lancer de poids et le javelot. Victorine Guissou a \u00e9t\u00e9 deux fois m\u00e9daill\u00e9e de bronze, d\u2019abord \u00e0 Marrakech en 2020, ensuite \u00e0 Tunis en 2021.<\/p>\n<p>Pour le Directeur Technique National de la F\u00e9d\u00e9ration Burkinab\u00e8 des Sports pour Personnes Handicap\u00e9es, S\u00e9raphin FARMA, \u00ab le Burkina Faso n\u2019a pas pu obtenir la qualification par les minima, mais b\u00e9n\u00e9ficie de la qualification B sous forme d\u2019invitation, au regard des performances engrang\u00e9es par nos ambassadeurs au plan continental \u00bb.<\/p>\n<p>Notons que les Jeux paralympiques sont des comp\u00e9titions qui r\u00e9unissent des athl\u00e8tes en situation de handicap de tous les pays pour des \u00e9preuves handisports. Les athl\u00e8tes vivant avec un handicap physique ou visuel prennent part \u00e0 ces jeux.<\/p>\n<p><strong>La R\u00e9daction<\/strong><\/p>\n<p>\u00a0<\/p>\n<p>\u00a0<\/p>\n<p>L\u2019article <a rel=\"nofollow\" href=\"https:\/\/www.sidwaya.info\/blog\/2021\/08\/16\/jeux-paralympiques-de-tokyo-2020-victorine-guissou-et-ferdinand-compaore-representeront-le-burkina\/\">Jeux paralympiques de Tokyo 2020 : Victorine Guissou et Ferdinand Compaor\u00e9 repr\u00e9senteront le Burkina.<\/a> est apparu en premier sur <a rel=\"nofollow\" href=\"https:\/\/www.sidwaya.info\/\">Quotidien Sidwaya<\/a>.<\/p>\n<\/div>\n<p>Auteur: Wamini SIDWAYA<br \/>\n<a href=\"https:\/\/www.sidwaya.info\/blog\/2021\/08\/16\/jeux-paralympiques-de-tokyo-2020-victorine-guissou-et-ferdinand-compaore-representeront-le-burkina\/\">Cliquez ici pour lire l&rsquo;article depuis sa source.<\/a><\/p>\n","protected":false},"excerpt":{"rendered":"<p>Victorine Guissou et Ferdinand Compaor\u00e9 repr\u00e9senteront le Burkina pour les jeux paralympiques de Tokyo qui d\u00e9butent le 27 aout 2021. Ferdinand comp\u00e9tit aux 100m, 1500m et saut en longueur et Victorine au lancer de poids et le javelot. Victorine Guissou a \u00e9t\u00e9 deux fois m\u00e9daill\u00e9e de bronze, d\u2019abord \u00e0 Marrakech en 2020, ensuite \u00e0 Tunis [&hellip;]<\/p>\n","protected":false},"author":1816,"featured_media":0,"comment_status":"closed","ping_status":"closed","sticky":false,"template":"","format":"standard","meta":{"fifu_image_url":"","fifu_image_alt":"","footnotes":""},"categories":[73,81],"tags":[],"class_list":["post-124323","post","type-post","status-publish","format-standard","hentry","category-actualite","category-burkina-faso"],"_links":{"self":[{"href":"https:\/\/linitiative.ca\/International\/wp-json\/wp\/v2\/posts\/124323","targetHints":{"allow":["GET"]}}],"collection":[{"href":"https:\/\/linitiative.ca\/International\/wp-json\/wp\/v2\/posts"}],"about":[{"href":"https:\/\/linitiative.ca\/International\/wp-json\/wp\/v2\/types\/post"}],"author":[{"embeddable":true,"href":"https:\/\/linitiative.ca\/International\/wp-json\/wp\/v2\/users\/1816"}],"replies":[{"embeddable":true,"href":"https:\/\/linitiative.ca\/International\/wp-json\/wp\/v2\/comments?post=124323"}],"version-history":[{"count":0,"href":"https:\/\/linitiative.ca\/International\/wp-json\/wp\/v2\/posts\/124323\/revisions"}],"wp:attachment":[{"href":"https:\/\/linitiative.ca\/International\/wp-json\/wp\/v2\/media?parent=124323"}],"wp:term":[{"taxonomy":"category","embeddable":true,"href":"https:\/\/linitiative.ca\/International\/wp-json\/wp\/v2\/categories?post=124323"},{"taxonomy":"post_tag","embeddable":true,"href":"https:\/\/linitiative.ca\/International\/wp-json\/wp\/v2\/tags?post=124323"}],"curies":[{"name":"wp","href":"https:\/\/api.w.org\/{rel}","templated":true}]}}