{"id":124324,"date":"2021-08-16T12:04:34","date_gmt":"2021-08-16T16:04:34","guid":{"rendered":"https:\/\/linitiative.ca\/International\/bocage-sahelien-le-ministere-de-lagriculture-reflechit-a-sa-vulgarisation\/"},"modified":"2021-08-16T12:04:34","modified_gmt":"2021-08-16T16:04:34","slug":"bocage-sahelien-le-ministere-de-lagriculture-reflechit-a-sa-vulgarisation","status":"publish","type":"post","link":"https:\/\/linitiative.ca\/International\/bocage-sahelien-le-ministere-de-lagriculture-reflechit-a-sa-vulgarisation\/","title":{"rendered":"Bocage sah\u00e9lien\u00a0: Le minist\u00e8re de l\u2019agriculture r\u00e9fl\u00e9chit \u00e0 sa vulgarisation"},"content":{"rendered":"<div>\n<p><strong>Le minist\u00e8re de l\u2019agriculture, des am\u00e9nagements hydrauliques et la m\u00e9canisation, en collaboration avec l\u2019ONG terre verte, a organis\u00e9 une conf\u00e9rence sur les bases et les modalit\u00e9s de mise en \u0153uvre du bocage sah\u00e9lien au Burkina Faso, au profit des cadres de ce d\u00e9partement et des acteurs du monde rural, le mardi 2021, \u00e0 Ouagadougou. <\/strong><\/p>\n<p>Le bocager sah\u00e9lien est une technique \u00e9prouv\u00e9e de r\u00e9cup\u00e9ration des terres. Il est d\u00e9velopp\u00e9 par l\u2019ONG Terre Verte et des associations inter villageoises, \u00e0 partir de la ferme pilote de Gui\u00e8 dans le Plateau-Central. Le minist\u00e8re de l\u2019agriculture dans sa qu\u00eate d\u2019une agriculture durable et \u00e0 forte productivit\u00e9 veut se donner les moyens d\u2019une mise en \u0153uvre \u00e0 grande \u00e9chelle de cette approche. A cet effet, ce d\u00e9partement, en collaboration avec l\u2019ONG Terre Verte, a organis\u00e9 une conf\u00e9rence sur les bases et les modalit\u00e9s de mise en \u0153uvre du bocage sah\u00e9lien au Burkina Faso, au profit des cadres de ce d\u00e9partement et des acteurs du monde rural, le mardi 2021, \u00e0 Ouagadougou.<\/p>\n<p><img decoding=\"async\" loading=\"lazy\" class=\"alignleft  wp-image-38552\" src=\"https:\/\/linitiative.ca\/International\/wp-content\/uploads\/sites\/23\/2021\/08\/1-34.jpg\" alt=\"\" width=\"572\" height=\"660\" srcset=\"https:\/\/linitiative.ca\/International\/wp-content\/uploads\/sites\/23\/2021\/08\/1-34.jpg 900w, https:\/\/www.sidwaya.info\/wp-content\/uploads\/2021\/08\/1-34-260x300.jpg 260w, https:\/\/www.sidwaya.info\/wp-content\/uploads\/2021\/08\/1-34-889x1024.jpg 889w, https:\/\/www.sidwaya.info\/wp-content\/uploads\/2021\/08\/1-34-768x885.jpg 768w, https:\/\/www.sidwaya.info\/wp-content\/uploads\/2021\/08\/1-34-150x173.jpg 150w, https:\/\/www.sidwaya.info\/wp-content\/uploads\/2021\/08\/1-34-300x346.jpg 300w, https:\/\/www.sidwaya.info\/wp-content\/uploads\/2021\/08\/1-34-696x802.jpg 696w, https:\/\/www.sidwaya.info\/wp-content\/uploads\/2021\/08\/1-34-365x420.jpg 365w\" sizes=\"auto, (max-width: 572px) 100vw, 572px\">Selon le directeur g\u00e9n\u00e9ral des \u00e9tudes et des statistiques sectorielles (DGESS) dudit minist\u00e8re, Oula Damien Ouattara, l\u2019agriculture burkinab\u00e8 fait face \u00e0 des risques de vuln\u00e9rabilit\u00e9 des terres agricoles li\u00e9s \u00e0 la variabilit\u00e9 climatique, \u00e0 la d\u00e9gradation des sols, aux conflits fonciers entre acteurs du monde rural, \u00e0 la pression \u00e9olienne. Le bocage sah\u00e9lien, qui est compos\u00e9 d\u2019un paquet de techniques agricoles, constitue une r\u00e9ponse efficace \u00e0 l\u2019ensemble de ces vuln\u00e9rabilit\u00e9s<em>. \u00ab\u00a0Ces techniques permettent d\u2019am\u00e9liorer l\u2019infiltration de l\u2019eau, la disponibilit\u00e9 de l\u2019eau malgr\u00e9 les poches de s\u00e9cheresse, de conserver la fertilit\u00e9 du sol et d\u2019am\u00e9liorer les rendements agricoles sur une longue p\u00e9riode\u00a0\u00bb<\/em>, a-t-il indiqu\u00e9.<\/p>\n<p><strong>Une exp\u00e9rience trentenaire<\/strong><\/p>\n<p>Et au regard de ces r\u00e9sultats probants, il est opportun que le d\u00e9partement en charge de l\u2019agriculture r\u00e9fl\u00e9chisse aux meilleures strat\u00e9gies d\u2019impl\u00e9mentation \u00e0 grande \u00e9chelle de cette approche concluante, aux c\u00f4t\u00e9s d\u2019autres techniques promues par ledit minist\u00e8re. Il s\u2019agit \u00e9galement de poser les questionnements appropri\u00e9s et de proposer des pistes d\u2019am\u00e9lioration de l\u2019existent.<\/p>\n<p>Pour animer une telle conf\u00e9rence, il est fait appel \u00e0 celui qui est \u00e0 l\u2019origine du concept bocager : Henri Girard, par ailleurs coordonnateur de l\u2019ONG Terre Verte. Selon ce dernier, le bocage sah\u00e9lien est le fruit d\u2019une recherche-action d\u00e9but\u00e9e en 1989 \u00e0 Gui\u00e8 qui transforme un paysage agricole d\u00e9grad\u00e9 en un paysage harmonieux, un cadre id\u00e9al pour une nouvelle agriculture. La technique permet de garder l\u2019eau de pluie sur le sol, int\u00e8gre arbres et arbustes aux cultures, discipline l\u2019\u00e9levage, structure et clarifie le foncier rural.<\/p>\n<p>Le bocage est une solution universelle d\u2019adaptation \u00e0 la d\u00e9gradation de l\u2019environnement rural, \u00e0 la probl\u00e9matique fonci\u00e8re, a-t-il expliqu\u00e9. Il pr\u00e9sente l\u2019avantage d\u2019instaurer une copropri\u00e9t\u00e9 coutumi\u00e8re informelle comprenant des parcelles individuelles et communes, tout en conciliant un paquet de bonnes pratiques innovantes mis \u00e0 disposition des agriculteurs, a poursuivi M. Girard. Il s\u2019agit notamment du za\u00ef am\u00e9lior\u00e9, du haies vives, des diguettes en terre, de la rotation culturale, de la jach\u00e8re p\u00e2tur\u00e9e, du sarclage localis\u00e9. Tout cela permet de meilleurs rendements agricoles, avec en moyenne deux tonnes \u00e0 l\u2019hectare pour le sorgho.<\/p>\n<p>Pour ce qui est du processus d\u2019am\u00e9nagement du p\u00e9rim\u00e8tre bocager, il commence par une demande d\u2019un groupe de producteurs. Les autres \u00e9tapes, \u00e0 savoir l\u2019\u00e9tude de faisabilit\u00e9, la validation du plan d\u2019am\u00e9nagement, l\u2019am\u00e9nagement proprement dit, la r\u00e9affectation des terres, se r\u00e9alisent suivant la m\u00eame d\u00e9marche participative et inclusive \u00e0 travers la concertation permanente avec les b\u00e9n\u00e9ficiaires, a insist\u00e9 le conf\u00e9rencier.<\/p>\n<p><strong>Lab\u00e9liser le concept<\/strong><\/p>\n<figure id=\"attachment_38551\" aria-describedby=\"caption-attachment-38551\" style=\"width: 900px\" class=\"wp-caption alignleft\"><img decoding=\"async\" loading=\"lazy\" class=\"size-full wp-image-38551\" src=\"https:\/\/linitiative.ca\/International\/wp-content\/uploads\/sites\/23\/2021\/08\/2-14.jpg\" alt=\"\" width=\"900\" height=\"970\" srcset=\"https:\/\/linitiative.ca\/International\/wp-content\/uploads\/sites\/23\/2021\/08\/2-14.jpg 900w, https:\/\/www.sidwaya.info\/wp-content\/uploads\/2021\/08\/2-14-278x300.jpg 278w, https:\/\/www.sidwaya.info\/wp-content\/uploads\/2021\/08\/2-14-768x828.jpg 768w, https:\/\/www.sidwaya.info\/wp-content\/uploads\/2021\/08\/2-14-150x162.jpg 150w, https:\/\/www.sidwaya.info\/wp-content\/uploads\/2021\/08\/2-14-300x323.jpg 300w, https:\/\/www.sidwaya.info\/wp-content\/uploads\/2021\/08\/2-14-696x750.jpg 696w, https:\/\/www.sidwaya.info\/wp-content\/uploads\/2021\/08\/2-14-390x420.jpg 390w\" sizes=\"auto, (max-width: 900px) 100vw, 900px\"><figcaption id=\"caption-attachment-38551\" class=\"wp-caption-text\">rbt<\/figcaption><\/figure>\n<p>De l\u2019avis de M. Girard, la pratique du bocage sah\u00e9lien fait face \u00e0 un certain nombre de d\u00e9fis. Pour contribuer pleinement \u00e0 l\u2019effort national de reconqu\u00eate des zones agricoles d\u00e9grad\u00e9es, le bocage sah\u00e9lien a besoin d\u2019un cadre r\u00e9glementaire qui garantit le statut de la copropri\u00e9t\u00e9 fonci\u00e8re agricole, \u00e0 l\u2019image de la copropri\u00e9t\u00e9 immobili\u00e8re, et qui assure la codification des usages bocagers tels que l\u2019entretien et la r\u00e9partition des haies limitrophes entre copropri\u00e9taires.<\/p>\n<p>Il convient \u00e9galement d\u2019envisager une appropriation nationale du concept, \u00e0 travers son int\u00e9gration \u00e0 la politique agricole durable, les formations qualifiantes, un cadre d\u2019\u00e9change permanent, avant qu\u2019il ne s\u2019exporte dans les pays voisins, a-t-il souhait\u00e9. Et pour parvenir \u00e0 ce cadre r\u00e9glementaire lab\u00e9lisant, Terre Verte sollicite l\u2019appui du minist\u00e8re de l\u2019agriculture.<\/p>\n<p>Les questions des participants ont port\u00e9, entre autres, sur les risques de conflits entre b\u00e9n\u00e9ficiaires apr\u00e8s l\u2019am\u00e9nagement, la contribution des b\u00e9n\u00e9ficiaires, leur responsabilisation dans la gestion des p\u00e9rim\u00e8tres am\u00e9nag\u00e9es, la possibilit\u00e9 d\u2019am\u00e9nagement bocager au profit des particuliers, les menaces que la promotion immobili\u00e8re p\u00e8se sur les p\u00e9rim\u00e8tres bocagers.<\/p>\n<p>Sur cette derni\u00e8re question, le conf\u00e9rencier, assist\u00e9 de ses collaborateurs, a fait savoir que le l\u2019am\u00e9nagement bocager permet de mieux s\u00e9curiser les terres agricoles rurales contre les \u00e9ventuels pr\u00e9dateurs. Tout comme il permet de r\u00e9duire les conflits fonciers entre acteurs du monde rural de par les m\u00e9canismes de gestion autonome mis en place. Quant \u00e0 la contribution des b\u00e9n\u00e9ficiaires, elle varie entre 10\u00a0000 F CFA et 25\u00a0000 FCFA par personne.<\/p>\n<p><strong>Mobiliser des ressources pour sa vulgarisation<\/strong><\/p>\n<p>Les participants, \u00e0 l\u2019image de Hassiata Inessa Ti\u00e9gna\/Napo de la direction du minist\u00e8re en charge de l\u2019agriculture, sont sortis de cette conf\u00e9rence tr\u00e8s \u00e9difi\u00e9s sur les avantages qu\u2019offre l\u2019approche bocag\u00e8re.<\/p>\n<p><em>\u00ab\u00a0Au vu de ce qui a \u00e9t\u00e9 d\u00e9velopp\u00e9 par le conf\u00e9rencier, ce paquet de techniques agricoles constitue une bonne solution pour notre agriculture, en ce qu\u2019il assure la p\u00e9rennit\u00e9 des exploitations agricoles \u00e0 travers une r\u00e9cup\u00e9ration durable des terres d\u00e9grad\u00e9es. Le minist\u00e8re gagnerait \u00e0 vulgariser cette approche\u00a0\u00bb<\/em>, a-t-elle confi\u00e9.<\/p>\n<p>Le secr\u00e9taire ex\u00e9cutif de l\u2019observatoire national du foncier (ONF), Ganou\u00a0Issifou, a lui aussi salu\u00e9 cette exp\u00e9rience bocag\u00e8re men\u00e9e par Terre Verte depuis 30 ans et qui permet au monde paysan de se mettre ensemble pour valoriser des terres d\u00e9grad\u00e9es, en d\u00e9gageant \u00e0 la fois des terres agricoles et pastorales.<\/p>\n<p>Il se pose cependant des questions quant \u00e0 la possibilit\u00e9 de vulgariser cette exp\u00e9rience au vu du co\u00fbt de l\u2019am\u00e9nagement bocager qui est de l\u2019ordre de 400\u00a0000 FCFA \u00e0 600\u00a0000 FCFA l\u2019hectare.<\/p>\n<p><em>\u00ab\u00a0Mais au regard de ses impacts positifs, il appartient aux acteurs de trouver les voies et moyens pour l\u2019adapter \u00e0 nos contextes. Il faudrait que les projets et programmes mobilisent des ressources pour aller dans le sens de sa mise en \u0153uvre \u00e0 grande \u00e9chelle\u00a0\u00bb<\/em>, a-t-il pr\u00e9conis\u00e9. Car, elle constitue l\u2019une des solutions \u00e0 la pression fonci\u00e8re en ce qu\u2019elle permet de r\u00e9cup\u00e9rer des terres d\u00e9grad\u00e9es mais aussi d\u2019apaiser les conflits fonciers \u00e0 travers une gestion commune du foncier rural par plusieurs acteurs, a conclu M. Ganou.<\/p>\n<p><strong>Mahamadi SEBOGO<\/strong><\/p>\n<p><strong><a href=\"mailto:Windmad76@gmail.com\">Windmad76@gmail.com<\/a><\/strong><\/p>\n<p>L\u2019article <a rel=\"nofollow\" href=\"https:\/\/www.sidwaya.info\/blog\/2021\/08\/16\/bocage-sahelien-le-ministere-de-lagriculture-reflechit-a-sa-vulgarisation\/\">Bocage sah\u00e9lien\u00a0: Le minist\u00e8re de l\u2019agriculture r\u00e9fl\u00e9chit \u00e0 sa vulgarisation<\/a> est apparu en premier sur <a rel=\"nofollow\" href=\"https:\/\/www.sidwaya.info\/\">Quotidien Sidwaya<\/a>.<\/p>\n<\/div>\n<p>Auteur: BS. Sidwaya<br \/>\n<a href=\"https:\/\/www.sidwaya.info\/blog\/2021\/08\/16\/bocage-sahelien-le-ministere-de-lagriculture-reflechit-a-sa-vulgarisation\/\">Cliquez ici pour lire l&rsquo;article depuis sa source.<\/a><\/p>\n","protected":false},"excerpt":{"rendered":"<p>Le minist\u00e8re de l\u2019agriculture, des am\u00e9nagements hydrauliques et la m\u00e9canisation, en collaboration avec l\u2019ONG terre verte, a organis\u00e9 une conf\u00e9rence sur les bases et les modalit\u00e9s de mise en \u0153uvre du bocage sah\u00e9lien au Burkina Faso, au profit des cadres de ce d\u00e9partement et des acteurs du monde rural, le mardi 2021, \u00e0 Ouagadougou. Le [&hellip;]<\/p>\n","protected":false},"author":1816,"featured_media":0,"comment_status":"closed","ping_status":"closed","sticky":false,"template":"","format":"standard","meta":{"fifu_image_url":"https:\/\/www.sidwaya.info\/wp-content\/uploads\/2021\/08\/1-34.jpg","fifu_image_alt":"Bocage sah\u00e9lien\u00a0: Le minist\u00e8re de l\u2019agriculture r\u00e9fl\u00e9chit \u00e0 sa vulgarisation","footnotes":""},"categories":[73,81],"tags":[],"class_list":["post-124324","post","type-post","status-publish","format-standard","hentry","category-actualite","category-burkina-faso"],"_links":{"self":[{"href":"https:\/\/linitiative.ca\/International\/wp-json\/wp\/v2\/posts\/124324","targetHints":{"allow":["GET"]}}],"collection":[{"href":"https:\/\/linitiative.ca\/International\/wp-json\/wp\/v2\/posts"}],"about":[{"href":"https:\/\/linitiative.ca\/International\/wp-json\/wp\/v2\/types\/post"}],"author":[{"embeddable":true,"href":"https:\/\/linitiative.ca\/International\/wp-json\/wp\/v2\/users\/1816"}],"replies":[{"embeddable":true,"href":"https:\/\/linitiative.ca\/International\/wp-json\/wp\/v2\/comments?post=124324"}],"version-history":[{"count":0,"href":"https:\/\/linitiative.ca\/International\/wp-json\/wp\/v2\/posts\/124324\/revisions"}],"wp:attachment":[{"href":"https:\/\/linitiative.ca\/International\/wp-json\/wp\/v2\/media?parent=124324"}],"wp:term":[{"taxonomy":"category","embeddable":true,"href":"https:\/\/linitiative.ca\/International\/wp-json\/wp\/v2\/categories?post=124324"},{"taxonomy":"post_tag","embeddable":true,"href":"https:\/\/linitiative.ca\/International\/wp-json\/wp\/v2\/tags?post=124324"}],"curies":[{"name":"wp","href":"https:\/\/api.w.org\/{rel}","templated":true}]}}