{"id":124327,"date":"2021-08-16T12:10:45","date_gmt":"2021-08-16T16:10:45","guid":{"rendered":"https:\/\/linitiative.ca\/International\/situation-epidemiologique-dans-la-sous-region-le-ministere-de-la-sante-attire-lattention\/"},"modified":"2021-08-16T12:10:45","modified_gmt":"2021-08-16T16:10:45","slug":"situation-epidemiologique-dans-la-sous-region-le-ministere-de-la-sante-attire-lattention","status":"publish","type":"post","link":"https:\/\/linitiative.ca\/International\/situation-epidemiologique-dans-la-sous-region-le-ministere-de-la-sante-attire-lattention\/","title":{"rendered":"Situation \u00e9pid\u00e9miologique dans la sous r\u00e9gion: le minist\u00e8re de la sant\u00e9 attire l\u2019attention"},"content":{"rendered":"<div>\n<p>La situation \u00e9pid\u00e9miologique au niveau sous r\u00e9gional est marqu\u00e9e cette semaine par la d\u00e9claration de deux \u00e9pid\u00e9mies d\u2019int\u00e9r\u00eat dans deux pays de la Sous-r\u00e9gion.\u00a0 Il s\u2019agit de la fi\u00e8vre de Marburg survenue en Guin\u00e9e le 09 ao\u00fbt\u00a0 \u00a0et du chol\u00e9ra survenu au Niger le 10 ao\u00fbt dernier.<\/p>\n<p>Caus\u00e9e par un virus, la maladie de Marburg se transmet \u00e0 l\u2019Homme par des chauves-souris frugivores et se propage chez les humains par contact direct avec les fluides corporels des personnes touch\u00e9es, ou avec les surfaces et les mat\u00e9riaux infect\u00e9s, selon l\u2019OMS. La p\u00e9riode d\u2019incubation est de 2 \u00e0 21 jours. La maladie commence de fa\u00e7on soudaine avec une forte fi\u00e8vre, des c\u00e9phal\u00e9es intenses, des malaises et parfois des h\u00e9morragies dans les selles, vomissures, gencives, etc.<\/p>\n<p>Quant au chol\u00e9ra qui s\u00e9vit depuis plusieurs ann\u00e9es en Afrique, c\u2019est une maladie aigue caract\u00e9ris\u00e9e par des diarrh\u00e9es liquides profuses, provoqu\u00e9es par le vibrio chol\u00e9rae. Cette maladie est transmise essentiellement par voie oro-fecale, en consommant l\u2019eau ou des aliments contamin\u00e9s. La p\u00e9riode d\u2019incubation dure g\u00e9n\u00e9ralement 2 \u00e0 3 jours et la maladie peut entrainer une d\u00e9shydration acc\u00e9l\u00e9r\u00e9e en quelques heures, pouvant entra\u00eener rapidement la mort.<\/p>\n<p>Le Minist\u00e8re de la sant\u00e9 rappelle quelques mesures pr\u00e9ventives \u00e0 observer pour faire face \u00e0 ces deux menaces :<\/p>\n<p>\u2013 Consommer de l\u2019eau potable ou bouillie<\/p>\n<p>\u2013 Laver proprement les fruits et l\u00e9gumes avant de les consommer<\/p>\n<p>\u2013 Eviter l\u2019autom\u00e9dication<\/p>\n<p>\u2013 Se rendre dans une formation sanitaire en cas de doute<\/p>\n<p>\u00a0<\/p>\n<p>Le Minist\u00e8re de la sant\u00e9 invite toute la population \u00e0 la vigilance<\/p>\n<p>L\u2019article <a rel=\"nofollow\" href=\"https:\/\/www.sidwaya.info\/blog\/2021\/08\/16\/situation-epidemiologique-dans-la-sous-regional-le-ministere-de-la-sante-attire-lattention\/\">Situation \u00e9pid\u00e9miologique dans la sous r\u00e9gion: le minist\u00e8re de la sant\u00e9 attire l\u2019attention<\/a> est apparu en premier sur <a rel=\"nofollow\" href=\"https:\/\/www.sidwaya.info\/\">Quotidien Sidwaya<\/a>.<\/p>\n<\/div>\n<p>Auteur: BS. Sidwaya<br \/>\n<a href=\"https:\/\/www.sidwaya.info\/blog\/2021\/08\/16\/situation-epidemiologique-dans-la-sous-regional-le-ministere-de-la-sante-attire-lattention\/\">Cliquez ici pour lire l&rsquo;article depuis sa source.<\/a><\/p>\n","protected":false},"excerpt":{"rendered":"<p>La situation \u00e9pid\u00e9miologique au niveau sous r\u00e9gional est marqu\u00e9e cette semaine par la d\u00e9claration de deux \u00e9pid\u00e9mies d\u2019int\u00e9r\u00eat dans deux pays de la Sous-r\u00e9gion.\u00a0 Il s\u2019agit de la fi\u00e8vre de Marburg survenue en Guin\u00e9e le 09 ao\u00fbt\u00a0 \u00a0et du chol\u00e9ra survenu au Niger le 10 ao\u00fbt dernier. Caus\u00e9e par un virus, la maladie de Marburg [&hellip;]<\/p>\n","protected":false},"author":1816,"featured_media":0,"comment_status":"closed","ping_status":"closed","sticky":false,"template":"","format":"standard","meta":{"fifu_image_url":"","fifu_image_alt":"","footnotes":""},"categories":[73,81],"tags":[],"class_list":["post-124327","post","type-post","status-publish","format-standard","hentry","category-actualite","category-burkina-faso"],"_links":{"self":[{"href":"https:\/\/linitiative.ca\/International\/wp-json\/wp\/v2\/posts\/124327","targetHints":{"allow":["GET"]}}],"collection":[{"href":"https:\/\/linitiative.ca\/International\/wp-json\/wp\/v2\/posts"}],"about":[{"href":"https:\/\/linitiative.ca\/International\/wp-json\/wp\/v2\/types\/post"}],"author":[{"embeddable":true,"href":"https:\/\/linitiative.ca\/International\/wp-json\/wp\/v2\/users\/1816"}],"replies":[{"embeddable":true,"href":"https:\/\/linitiative.ca\/International\/wp-json\/wp\/v2\/comments?post=124327"}],"version-history":[{"count":0,"href":"https:\/\/linitiative.ca\/International\/wp-json\/wp\/v2\/posts\/124327\/revisions"}],"wp:attachment":[{"href":"https:\/\/linitiative.ca\/International\/wp-json\/wp\/v2\/media?parent=124327"}],"wp:term":[{"taxonomy":"category","embeddable":true,"href":"https:\/\/linitiative.ca\/International\/wp-json\/wp\/v2\/categories?post=124327"},{"taxonomy":"post_tag","embeddable":true,"href":"https:\/\/linitiative.ca\/International\/wp-json\/wp\/v2\/tags?post=124327"}],"curies":[{"name":"wp","href":"https:\/\/api.w.org\/{rel}","templated":true}]}}