{"id":12433,"date":"2019-02-08T09:12:09","date_gmt":"2019-02-08T14:12:09","guid":{"rendered":"https:\/\/linitiative.ca\/International\/jumelage-bousse-et-loue-scellent-un-partenariat-gagnant-gagnant\/"},"modified":"2019-02-08T09:12:09","modified_gmt":"2019-02-08T14:12:09","slug":"jumelage-bousse-et-loue-scellent-un-partenariat-gagnant-gagnant","status":"publish","type":"post","link":"https:\/\/linitiative.ca\/International\/jumelage-bousse-et-loue-scellent-un-partenariat-gagnant-gagnant\/","title":{"rendered":"Jumelage: Bouss\u00e9 et Lou\u00e9 scellent un partenariat gagnant-gagnant"},"content":{"rendered":"<div class=\"td-post-featured-image\"><a href=\"https:\/\/i0.wp.com\/www.sidwaya.info\/wp-content\/uploads\/2019\/02\/01.jpg?fit=854%2C505&#038;ssl=1\" data-caption=\"\"><img loading=\"lazy\" decoding=\"async\" width=\"696\" height=\"412\" class=\"entry-thumb td-modal-image\" src=\"https:\/\/i0.wp.com\/www.sidwaya.info\/wp-content\/uploads\/2019\/02\/01.jpg?resize=696%2C412&#038;ssl=1\" srcset=\"https:\/\/i0.wp.com\/www.sidwaya.info\/wp-content\/uploads\/2019\/02\/01.jpg?w=854&#038;ssl=1 854w, https:\/\/i0.wp.com\/www.sidwaya.info\/wp-content\/uploads\/2019\/02\/01.jpg?resize=300%2C177&#038;ssl=1 300w, https:\/\/i0.wp.com\/www.sidwaya.info\/wp-content\/uploads\/2019\/02\/01.jpg?resize=768%2C454&#038;ssl=1 768w, https:\/\/i0.wp.com\/www.sidwaya.info\/wp-content\/uploads\/2019\/02\/01.jpg?resize=696%2C412&#038;ssl=1 696w, https:\/\/i0.wp.com\/www.sidwaya.info\/wp-content\/uploads\/2019\/02\/01.jpg?resize=710%2C420&#038;ssl=1 710w\" sizes=\"auto, (max-width: 696px) 100vw, 696px\" alt=\"\" title=\"01\"\/><\/a><\/div>\n<p><strong>Dans le cadre de la coop\u00e9ration d\u00e9centralis\u00e9e, les communes de Bouss\u00e9 au Burkina Faso et Lou\u00e9 en France ont scell\u00e9 un partenariat gagnant-gagnant. La c\u00e9r\u00e9monie de signature de la charte de jumelage a eu lieu, le mardi 5 f\u00e9vrier 2019, \u00e0 Bouss\u00e9. Les deux maires entendent, par le truchement de leur amiti\u00e9, \u0153uvrer dans divers secteurs de d\u00e9veloppement pour l\u2019\u00e9panouissement de leurs populations respectives.<\/strong><\/p>\n<p><strong>\u00a0<\/strong>C\u2019est d\u00e9sormais chose faite. La commune de Bouss\u00e9 est jumel\u00e9e \u00e0 celle de Lou\u00e9, localit\u00e9 situ\u00e9e \u00e0 l\u2019Ouest de la France. La c\u00e9r\u00e9monie de signature de la charte de jumelage a eu lieu, le mardi 5 f\u00e9vrier 2019, \u00e0 Bouss\u00e9. La formalisation de leurs relations d\u2019amiti\u00e9 marque du m\u00eame coup le d\u00e9but d\u2019un partenariat qui se veut gagnant-gagnant.\u00a0 <em>\u00ab\u00a0C\u2019est un point de d\u00e9part pour une coop\u00e9ration fructueuse entre les deux communes<\/em>\u00a0\u00bb, a affirm\u00e9 Nicolas Sawadogo, maire de Bouss\u00e9. Pour lui, l\u2019importance de ce jumelage n\u2019est plus \u00e0 d\u00e9montrer. Il fonde l\u2019espoir que ce partenariat apportera un plus au d\u00e9veloppement de sa commune. A l\u2019\u00e9couter, les attentes sont fortes. La question de l\u2019emploi li\u00e9e \u00e0 l\u2019implantation d\u2019usines en passant par l\u2019am\u00e9nagement du territoire communal, sont, entre autres d\u00e9fis, \u00e0 relever. \u00ab\u00a0<em>Nous envisageons, par le truchement de ce jumelage, inverser la tendance au niveau de la commune\u00a0<\/em>\u00bb, a-t-il soutenu. De son avis, c\u2019est une relation d\u2019\u00e9changes, de compl\u00e9mentarit\u00e9 et de partage d\u2019exp\u00e9riences dans des domaines comme la culture, l\u2019artisanat, la technologie\u2026En revanche, en foulant le sol burkinab\u00e8, le maire de Lou\u00e9, Dominique Croyeau et les 16 autres membres de sa d\u00e9l\u00e9gation ont \u00e9t\u00e9 impressionn\u00e9s par une chose\u00a0: la chaleur humaine. Fort de ce constat, le maire Croyeau dit attendre beaucoup de ce jumelage, notamment dans le domaine social. \u00ab\u00a0<em>Vous pouvez nous apportez des richesses humaines<\/em>\u00bb, a-t-il dit. En attendant, Dominique Croyeau veut avoir une id\u00e9e claire des besoins de la commune de Bouss\u00e9 avant toute action.<\/p>\n<p><strong>Des attentes de part et d\u2019autre<\/strong><\/p>\n<p><strong>\u00a0<\/strong>La visite de Fran\u00e7ais au Burkina Faso, dans ce contexte d\u2019ins\u00e9curit\u00e9 est une bonne chose, foi de Mme Fatoumata Nana Benon\/Yatassaye, gouverneure de la r\u00e9gion du Plateau central. \u00ab\u00a0<em>C\u2019est un signe rassurant<\/em>\u00a0\u00bb, a-t-elle relev\u00e9 tout en pr\u00e9cisant que c\u2019est dans les moments difficiles que l\u2019on conna\u00eet ses vrais amis. \u00ab\u00a0<em>J\u2019attends des actions de d\u00e9veloppement<\/em>\u00a0\u00bb, a-t-elle martel\u00e9. Selon Mme Nana, on peut d\u00e9j\u00e0 jeter les bases d\u2019une collaboration au niveau de l\u2019aviculture o\u00f9 les fermiers de Lou\u00e9 ont fait des prouesses. Elle croit qu\u2019en capitalisant les bonnes pratiques dont ceux-ci disposent, on peut booster l\u2019aviculture dans sa r\u00e9gion. Une vision partag\u00e9e par le maire Nicolas Sawadogo qui explore d\u00e9j\u00e0 des pistes. Lou\u00e9 a une grande r\u00e9putation pour l\u2019\u00e9levage de la volaille et le maire Sawadogo compte s\u2019inspirer de cet exemple de r\u00e9ussite pour changer la donne dans sa commune. Cette amiti\u00e9 naissante, Abdoul Aziz Compaor\u00e9, parrain de la c\u00e9r\u00e9monie, \u00a0l\u2019a salu\u00e9e \u00e0 sa juste valeur.\u00a0 \u00ab\u00a0<em>L\u2019amiti\u00e9 a \u00e9t\u00e9 et demeure le socle de la construction des Nations<\/em>\u00a0\u00bb, a-t-il soulign\u00e9. Le v\u0153u cher de M. Compaor\u00e9 est que le jumelage soit b\u00e9n\u00e9fique \u00e0 tous. \u00ab\u00a0<em>Je souhaite que les retomb\u00e9es de ce partenariat profitent aux populations des deux communes<\/em>\u00a0\u00bb, a-t-il d\u00e9clar\u00e9. Il a indiqu\u00e9 qu\u2019il reste disponible \u00e0 accompagner le comit\u00e9 de jumelage pour un franc succ\u00e8s de ce partenariat. Aussi a-t-il soutenu, le partenariat est un cadre d\u2019ouverture et de rapprochement des peuples. Il a dit attendre \u00e9galement des actes concrets dans plusieurs domaines de coop\u00e9ration entre ces deux communes. Le jumelage, sans les affaires, ne semble pas trop int\u00e9resser Amadou Sawadogo, pr\u00e9sident de la chambre r\u00e9gionale de commerce du Plateau central. Ses pr\u00e9occupations essentielles se r\u00e9sument en une seule question\u00a0\u00e0 savoir, comment tirer profit de ce jumelage dans le domaine des affaires\u00a0? <em>\u00ab\u00a0Le jumelage c\u2019est bien, mais nous voulons \u00e9galement qu\u2019il y ait des affaires<\/em>\u00a0\u00bb, a-t-il clam\u00e9. \u00a0Il a surtout souhait\u00e9 la paix au Burkina Faso, l\u2019entente et la coh\u00e9sion entre les fils et filles de la commune de Bouss\u00e9. Des vertus sans lesquelles, \u00a0a-t-il dit, on ne peut pas parler de d\u00e9veloppement. Il a en outre pr\u00f4n\u00e9 l\u2019amour et une bonne organisation \u00e0 tous les niveaux. Pour sa part, Mme le gouverneur du Plateau central a appr\u00e9ci\u00e9 positivement la d\u00e9marche des deux maires et n\u2019a pas manqu\u00e9 de les f\u00e9liciter pour cette initiative louable. Elle pense que les collectivit\u00e9s burkinab\u00e8 peuvent s\u2019inspirer des exp\u00e9riences des villes fran\u00e7aises qui disposent d\u2019importants atouts, pour assurer leur d\u00e9veloppement. Ce partenariat, a-t-elle assur\u00e9, traduit un rapprochement entre le Nord et le Sud. C\u2019est pourquoi elle a exhort\u00e9 le comit\u00e9 de jumelage et surtout les jeunes \u00e0 faire en sorte que ces liens qui ont \u00e9t\u00e9 scell\u00e9s se solidifient. Elle a dit sa disponibilit\u00e9 \u00e0 \u0153uvrer aux c\u00f4t\u00e9s des deux maires pour le succ\u00e8s de cette coop\u00e9ration d\u00e9centralis\u00e9e. Le comit\u00e9 de jumelage a \u00e9t\u00e9 pri\u00e9 de maintenir la flamme allum\u00e9e afin que ce partenariat produise de bons r\u00e9sultats. Une photo de famille et la remise de pr\u00e9sents aux h\u00f4tes ont mis fin \u00e0 la c\u00e9r\u00e9monie.<\/p>\n<p><strong>Ouamtinga Michel ILBOUDO<\/strong><\/p>\n<p><a href=\"mailto:Omichel20@gmail.com\">Omichel20@gmail.com<\/a><\/p>\n<div class=\"td-a-rec td-a-rec-id-content_bottom td_uid_21_5c5e067bbfe8e_rand td_block_template_1\"><img loading=\"lazy\" decoding=\"async\" class=\"alignright size-full wp-image-1724\" src=\"https:\/\/www.sidwaya.info\/wp-content\/uploads\/2018\/12\/sidwaya-pub.jpg\" alt=\"\" width=\"720\" height=\"90\"\/><\/div>\n","protected":false},"excerpt":{"rendered":"<p>Dans le cadre de la coop\u00e9ration d\u00e9centralis\u00e9e, les communes de Bouss\u00e9 au Burkina Faso et Lou\u00e9 en France ont scell\u00e9 un partenariat gagnant-gagnant. La c\u00e9r\u00e9monie de signature de la charte de jumelage a eu lieu, le mardi 5 f\u00e9vrier 2019, \u00e0 Bouss\u00e9. Les deux maires entendent, par le truchement de leur amiti\u00e9, \u0153uvrer dans divers [&hellip;]<\/p>\n","protected":false},"author":1816,"featured_media":0,"comment_status":"closed","ping_status":"closed","sticky":false,"template":"","format":"standard","meta":{"fifu_image_url":"","fifu_image_alt":"","footnotes":""},"categories":[73,81],"tags":[],"class_list":["post-12433","post","type-post","status-publish","format-standard","hentry","category-actualite","category-burkina-faso"],"_links":{"self":[{"href":"https:\/\/linitiative.ca\/International\/wp-json\/wp\/v2\/posts\/12433","targetHints":{"allow":["GET"]}}],"collection":[{"href":"https:\/\/linitiative.ca\/International\/wp-json\/wp\/v2\/posts"}],"about":[{"href":"https:\/\/linitiative.ca\/International\/wp-json\/wp\/v2\/types\/post"}],"author":[{"embeddable":true,"href":"https:\/\/linitiative.ca\/International\/wp-json\/wp\/v2\/users\/1816"}],"replies":[{"embeddable":true,"href":"https:\/\/linitiative.ca\/International\/wp-json\/wp\/v2\/comments?post=12433"}],"version-history":[{"count":0,"href":"https:\/\/linitiative.ca\/International\/wp-json\/wp\/v2\/posts\/12433\/revisions"}],"wp:attachment":[{"href":"https:\/\/linitiative.ca\/International\/wp-json\/wp\/v2\/media?parent=12433"}],"wp:term":[{"taxonomy":"category","embeddable":true,"href":"https:\/\/linitiative.ca\/International\/wp-json\/wp\/v2\/categories?post=12433"},{"taxonomy":"post_tag","embeddable":true,"href":"https:\/\/linitiative.ca\/International\/wp-json\/wp\/v2\/tags?post=12433"}],"curies":[{"name":"wp","href":"https:\/\/api.w.org\/{rel}","templated":true}]}}