{"id":124330,"date":"2021-08-16T07:18:03","date_gmt":"2021-08-16T11:18:03","guid":{"rendered":"https:\/\/linitiative.ca\/International\/la-politique-sujet-dominant-dans-la-presse-senegalaise\/"},"modified":"2021-08-16T07:18:03","modified_gmt":"2021-08-16T11:18:03","slug":"la-politique-sujet-dominant-dans-la-presse-senegalaise","status":"publish","type":"post","link":"https:\/\/linitiative.ca\/International\/la-politique-sujet-dominant-dans-la-presse-senegalaise\/","title":{"rendered":"La politique, sujet dominant dans la presse s\u00e9n\u00e9galaise"},"content":{"rendered":"<div>\n<p><img loading=\"lazy\" decoding=\"async\" width=\"553\" height=\"469\" src=\"https:\/\/linitiative.ca\/International\/wp-content\/uploads\/sites\/23\/2021\/08\/16291126834933.jpg\" class=\"attachment-post-thumbnail size-post-thumbnail wp-post-image\" alt=\"\" srcset=\"https:\/\/linitiative.ca\/International\/wp-content\/uploads\/sites\/23\/2021\/08\/16291126834933.jpg 553w, https:\/\/www.journalducameroun.com\/wp-content\/uploads\/2021\/08\/16291126834933-300x254.jpg 300w, https:\/\/www.journalducameroun.com\/wp-content\/uploads\/2021\/08\/16291126834933-519x440.jpg 519w\" sizes=\"auto, (max-width: 553px) 100vw, 553px\"><\/p>\n<p>Les journaux s\u00e9n\u00e9galais, re\u00e7us lundi \u00e0 APA, font la part belle \u00e0 l&rsquo;ancien argentier de l&rsquo;Etat Amadou B\u00e2 qui semble avoir retrouv\u00e9 gr\u00e2ce aux yeux du pr\u00e9sident de la R\u00e9publique.Le Soleil indique que \u00ab la famille du d\u00e9funt Khalife de la communaut\u00e9 lay\u00e8ne, El Hadj Abdoulaye Thiaw Laye (1926-2021), a re\u00e7u samedi (dernier) \u00e0 Camb\u00e9r\u00e8ne (commune de Dakar), Macky Sall venu pr\u00e9senter ses condol\u00e9ances au nom de la nation s\u00e9n\u00e9galaise \u00bb.<\/p>\n<p>Le quotidien national rapporte que le chef de l&rsquo;Etat s&rsquo;est \u00e9galement rendu, le m\u00eame jour, \u00e0 Thi\u00e9naba (r\u00e9gion de Thi\u00e8s) \u00ab suite \u00e0 la disparition, le 9 ao\u00fbt 2021, du 8e Khalife Serigne Abdourahim Seck \u00bb. Dans ce foyer religieux fond\u00e9 par Serigne Ahmadou Ndack Seck, Macky Sall a d\u00e9clar\u00e9 qu&rsquo; \u00ab un budget de plus de 800 millions F CFA est d\u00e9gag\u00e9 pour que Thi\u00e9naba puisse disposer de sa r\u00e9sidence des h\u00f4tes comme toutes les autres grandes cit\u00e9s religieuses du pays \u00bb.<\/p>\n<p>Amadou B\u00e2, ancien ministre de l&rsquo;Economie, des Finances et du Plan, \u00e9tait aux c\u00f4t\u00e9s du pr\u00e9sident de la R\u00e9publique. L&rsquo;AS se demande si ce n&rsquo;est pas \u00ab un retour en gr\u00e2ce \u00bb de l&rsquo;ex-ministre des Affaires \u00e9trang\u00e8res.<\/p>\n<p>A en croire Sud Quotidien, on se dirige \u00ab vers une entente directe \u00bb entre Macky Sall et Amadou B\u00e2. Ce journal a soulign\u00e9 que \u00ab c&rsquo;est la premi\u00e8re \u00bb fois que les deux hommes apparaissent ensemble en public, avant de soutenir que la strat\u00e9gie du silence adopt\u00e9e par le responsable politique de l&rsquo;Alliance Pour la R\u00e9publique (APR, parti au pouvoir) aux Parcelles Assainies (commune de Dakar) s&rsquo;est av\u00e9r\u00e9e gagnante.<\/p>\n<p>Dans son style caract\u00e9ristique, le calembour, Le Quotidien tire son \u00ab chapeau Ba ! \u00bb. Poursuivant, ce journal signale qu&rsquo; \u00ab il est de ces images qui ne laissent jamais indiff\u00e9rent. Surtout lorsque cela vient d&rsquo;un homme aussi politique que le leader de l&rsquo;APR (Macky Sall) \u00bb.<\/p>\n<p>En d&rsquo;autres termes, mentionne WalfQuotidien, \u00ab Macky Sall remet Amadou B\u00e2 en selle \u00bb \u00e0 quelques mois des \u00e9lections locales pour lesquelles le leadership \u00e0 Dakar est tr\u00e8s disput\u00e9 dans son parti avec notamment Abdoulaye Diouf Sarr, le ministre de la Sant\u00e9 et de l&rsquo;Action sociale.<\/p>\n<p>Sur un tout autre sujet, Vox Populi se fait l&rsquo;\u00e9cho d&rsquo;un accident de la route ayant fait quatre morts \u00e0 Kaolack (Centre). Dans ses colonnes, ce quotidien informe qu&rsquo;un porte-conteneurs malien a \u00e9cras\u00e9 un taxi o\u00f9 se trouvaient cinq personnes.<\/p>\n<p>Pour sa part, Mansour Faye, le ministre des Infrastructures, des Transports terrestres et du D\u00e9senclavent, a fait savoir dans Vox Populi que \u00ab les auteurs de cet acte ignoble seront appr\u00e9hend\u00e9s et traduits en justice \u00bb.\u00a0<\/p>\n<p>Mais, d\u00e9plore EnQu\u00eate, de jeunes s\u00e9n\u00e9galais, n&rsquo;ayant pu contenir leur col\u00e8re, ont saccag\u00e9 \u00ab des camions maliens \u00bb qui \u00e9taient dans les parages. De l&rsquo;autre c\u00f4t\u00e9 de la fronti\u00e8re, \u00ab une vingtaine de camions s\u00e9n\u00e9galais ont \u00e9t\u00e9 vandalis\u00e9s \u00bb.<\/p>\n<p>Cit\u00e9e par L&rsquo;Observateur, M\u00e9dina Sissoko Demb\u00e9l\u00e9, ministre malienne des Transports, a affirm\u00e9 que \u00ab ces graves incidents n&rsquo;honorent pas les excellentes relations de fraternit\u00e9 et d&rsquo;amiti\u00e9 \u00bb qui lient les deux pays.<\/p>\n<p>Cet article <a rel=\"nofollow\" href=\"https:\/\/www.journalducameroun.com\/la-politique-sujet-dominant-dans-la-presse-senegalaise-3\/\">La politique, sujet dominant dans la presse s\u00e9n\u00e9galaise<\/a> est apparu en premier sur <a rel=\"nofollow\" href=\"https:\/\/www.journalducameroun.com\/\">Journal du Cameroun<\/a>.<\/p>\n<\/div>\n<p>Auteur: APA News<br \/>\n<a href=\"https:\/\/www.journalducameroun.com\/la-politique-sujet-dominant-dans-la-presse-senegalaise-3\/\">Cliquez ici pour lire l&rsquo;article depuis sa source.<\/a><\/p>\n","protected":false},"excerpt":{"rendered":"<p>Les journaux s\u00e9n\u00e9galais, re\u00e7us lundi \u00e0 APA, font la part belle \u00e0 l&rsquo;ancien argentier de l&rsquo;Etat Amadou B\u00e2 qui semble avoir retrouv\u00e9 gr\u00e2ce aux yeux du pr\u00e9sident de la R\u00e9publique.Le Soleil indique que \u00ab la famille du d\u00e9funt Khalife de la communaut\u00e9 lay\u00e8ne, El Hadj Abdoulaye Thiaw Laye (1926-2021), a re\u00e7u samedi (dernier) \u00e0 Camb\u00e9r\u00e8ne [&hellip;]<\/p>\n","protected":false},"author":1965,"featured_media":0,"comment_status":"closed","ping_status":"closed","sticky":false,"template":"","format":"standard","meta":{"fifu_image_url":"https:\/\/www.journalducameroun.com\/wp-content\/uploads\/2021\/08\/16291126834933.jpg","fifu_image_alt":"La politique, sujet dominant dans la presse s\u00e9n\u00e9galaise","footnotes":""},"categories":[73,82],"tags":[],"class_list":["post-124330","post","type-post","status-publish","format-standard","hentry","category-actualite","category-cameroun"],"_links":{"self":[{"href":"https:\/\/linitiative.ca\/International\/wp-json\/wp\/v2\/posts\/124330","targetHints":{"allow":["GET"]}}],"collection":[{"href":"https:\/\/linitiative.ca\/International\/wp-json\/wp\/v2\/posts"}],"about":[{"href":"https:\/\/linitiative.ca\/International\/wp-json\/wp\/v2\/types\/post"}],"author":[{"embeddable":true,"href":"https:\/\/linitiative.ca\/International\/wp-json\/wp\/v2\/users\/1965"}],"replies":[{"embeddable":true,"href":"https:\/\/linitiative.ca\/International\/wp-json\/wp\/v2\/comments?post=124330"}],"version-history":[{"count":0,"href":"https:\/\/linitiative.ca\/International\/wp-json\/wp\/v2\/posts\/124330\/revisions"}],"wp:attachment":[{"href":"https:\/\/linitiative.ca\/International\/wp-json\/wp\/v2\/media?parent=124330"}],"wp:term":[{"taxonomy":"category","embeddable":true,"href":"https:\/\/linitiative.ca\/International\/wp-json\/wp\/v2\/categories?post=124330"},{"taxonomy":"post_tag","embeddable":true,"href":"https:\/\/linitiative.ca\/International\/wp-json\/wp\/v2\/tags?post=124330"}],"curies":[{"name":"wp","href":"https:\/\/api.w.org\/{rel}","templated":true}]}}