{"id":124332,"date":"2021-08-16T09:18:01","date_gmt":"2021-08-16T13:18:01","guid":{"rendered":"https:\/\/linitiative.ca\/International\/tchad-un-registre-du-cancer-bientot-mis-en-place\/"},"modified":"2021-08-16T09:18:01","modified_gmt":"2021-08-16T13:18:01","slug":"tchad-un-registre-du-cancer-bientot-mis-en-place","status":"publish","type":"post","link":"https:\/\/linitiative.ca\/International\/tchad-un-registre-du-cancer-bientot-mis-en-place\/","title":{"rendered":"Tchad : un registre du cancer bient\u00f4t mis en place"},"content":{"rendered":"<div>\n<p>Au Tchad, les statistiques sur cette maladie sont \u00ab parcellaires et limit\u00e9es \u00bb \u00e0 cause notamment du faible acc\u00e8s au diagnostic des personnes atteintes.Avec l\u2019appui technique et financier de l\u2019Organisation Mondiale de la Sant\u00e9 (OMS), le Tchad disposera d\u2019un registre du cancer \u00ab essentiel pour la surveillance, l\u2019enregistrement, la recherche et le contr\u00f4le \u00bb. Ce document permet \u00e9galement, selon un communiqu\u00e9 re\u00e7u lundi \u00e0 APA, de conna\u00eetre l\u2019ampleur du probl\u00e8me pour prendre des dispositions idoines.<\/p>\n<p>D\u2019apr\u00e8s le minist\u00e8re tchadien de la Sant\u00e9 publique et de la Solidarit\u00e9 nationale, le registre du cancer constitue \u00ab un outil robuste (pour) un recueil continu et exhaustif de donn\u00e9es nominatives et cliniques sur les personnes atteintes de cancer dans une population g\u00e9ographiquement d\u00e9finie \u00bb.<\/p>\n<p>La semaine derni\u00e8re, \u00ab des points focaux venus des 23 provinces sanitaires du pays et de N\u2019Djam\u00e9na \u00bb ont b\u00e9n\u00e9fici\u00e9 d\u2019un renforcement de capacit\u00e9s. \u00ab Pour une meilleure surveillance du cancer, il est imp\u00e9ratif de disposer des donn\u00e9es fiables d\u2019o\u00f9 l\u2019importance de former des experts en mati\u00e8re de collecte, d\u2019analyse et de gestion de donn\u00e9es \u00bb, indique la source.<\/p>\n<p>En 2020, poursuit-elle, l\u2019Unit\u00e9 d\u2019anatomie et cytologie pathologiques du Centre hospitalier universitaire de r\u00e9f\u00e9rence nationale a montr\u00e9 que sur 367 cas de diagnostics histopathologiques, 108 \u00e9taient des cancers, tout organe et tout \u00e2ge confondus, soit une proportion de 29,42 %.<\/p>\n<p>Les autorit\u00e9s tchadiennes estiment que \u00ab c\u2019est la partie visible de l\u2019iceberg \u00bb parce que \u00ab les capacit\u00e9s de diagnostic sont tr\u00e8s faibles sur l\u2019ensemble du territoire tchadien en l\u2019absence d\u2019un plateau technique destin\u00e9 \u00e0 la prise en charge des malades du cancer \u00bb.<\/p>\n<p>Dr Isma\u00ebl Barh Bachar, Directeur G\u00e9n\u00e9ral du minist\u00e8re de la Sant\u00e9 publique et de la Solidarit\u00e9 nationale, a promis lors de la session de formation des points focaux que le registre du cancer sera op\u00e9rationnel en 2022 en vue d\u2019avoir \u00ab un syst\u00e8me de pr\u00e9vention pr\u00e9coce (et) efficace \u00bb.<\/p>\n<p>Cet article <a rel=\"nofollow\" href=\"https:\/\/www.journalducameroun.com\/tchad-un-registre-du-cancer-bientot-mis-en-place\/\">Tchad : un registre du cancer bient\u00f4t mis en place<\/a> est apparu en premier sur <a rel=\"nofollow\" href=\"https:\/\/www.journalducameroun.com\/\">Journal du Cameroun<\/a>.<\/p>\n<\/div>\n<p>Auteur: APA News<br \/>\n<a href=\"https:\/\/www.journalducameroun.com\/tchad-un-registre-du-cancer-bientot-mis-en-place\/\">Cliquez ici pour lire l&rsquo;article depuis sa source.<\/a><\/p>\n","protected":false},"excerpt":{"rendered":"<p>Au Tchad, les statistiques sur cette maladie sont \u00ab parcellaires et limit\u00e9es \u00bb \u00e0 cause notamment du faible acc\u00e8s au diagnostic des personnes atteintes.Avec l\u2019appui technique et financier de l\u2019Organisation Mondiale de la Sant\u00e9 (OMS), le Tchad disposera d\u2019un registre du cancer \u00ab essentiel pour la surveillance, l\u2019enregistrement, la recherche et le contr\u00f4le \u00bb. Ce [&hellip;]<\/p>\n","protected":false},"author":1965,"featured_media":0,"comment_status":"closed","ping_status":"closed","sticky":false,"template":"","format":"standard","meta":{"fifu_image_url":"","fifu_image_alt":"","footnotes":""},"categories":[73,82],"tags":[],"class_list":["post-124332","post","type-post","status-publish","format-standard","hentry","category-actualite","category-cameroun"],"_links":{"self":[{"href":"https:\/\/linitiative.ca\/International\/wp-json\/wp\/v2\/posts\/124332","targetHints":{"allow":["GET"]}}],"collection":[{"href":"https:\/\/linitiative.ca\/International\/wp-json\/wp\/v2\/posts"}],"about":[{"href":"https:\/\/linitiative.ca\/International\/wp-json\/wp\/v2\/types\/post"}],"author":[{"embeddable":true,"href":"https:\/\/linitiative.ca\/International\/wp-json\/wp\/v2\/users\/1965"}],"replies":[{"embeddable":true,"href":"https:\/\/linitiative.ca\/International\/wp-json\/wp\/v2\/comments?post=124332"}],"version-history":[{"count":0,"href":"https:\/\/linitiative.ca\/International\/wp-json\/wp\/v2\/posts\/124332\/revisions"}],"wp:attachment":[{"href":"https:\/\/linitiative.ca\/International\/wp-json\/wp\/v2\/media?parent=124332"}],"wp:term":[{"taxonomy":"category","embeddable":true,"href":"https:\/\/linitiative.ca\/International\/wp-json\/wp\/v2\/categories?post=124332"},{"taxonomy":"post_tag","embeddable":true,"href":"https:\/\/linitiative.ca\/International\/wp-json\/wp\/v2\/tags?post=124332"}],"curies":[{"name":"wp","href":"https:\/\/api.w.org\/{rel}","templated":true}]}}