{"id":124333,"date":"2021-08-16T09:18:02","date_gmt":"2021-08-16T13:18:02","guid":{"rendered":"https:\/\/linitiative.ca\/International\/ethiopie-le-tplf-touche-par-loffensive-de-larmee\/"},"modified":"2021-08-16T09:18:02","modified_gmt":"2021-08-16T13:18:02","slug":"ethiopie-le-tplf-touche-par-loffensive-de-larmee","status":"publish","type":"post","link":"https:\/\/linitiative.ca\/International\/ethiopie-le-tplf-touche-par-loffensive-de-larmee\/","title":{"rendered":"Ethiopie : le TPLF touch\u00e9 par l\u2019offensive de l\u2019arm\u00e9e"},"content":{"rendered":"<div>\n<p><img loading=\"lazy\" decoding=\"async\" width=\"796\" height=\"471\" src=\"https:\/\/linitiative.ca\/International\/wp-content\/uploads\/sites\/23\/2021\/08\/16291198829909.jpg\" class=\"attachment-post-thumbnail size-post-thumbnail wp-post-image\" alt=\"\" srcset=\"https:\/\/linitiative.ca\/International\/wp-content\/uploads\/sites\/23\/2021\/08\/16291198829909.jpg 796w, https:\/\/www.journalducameroun.com\/wp-content\/uploads\/2021\/08\/16291198829909-300x178.jpg 300w, https:\/\/www.journalducameroun.com\/wp-content\/uploads\/2021\/08\/16291198829909-768x454.jpg 768w, https:\/\/www.journalducameroun.com\/wp-content\/uploads\/2021\/08\/16291198829909-744x440.jpg 744w, https:\/\/www.journalducameroun.com\/wp-content\/uploads\/2021\/08\/16291198829909-600x355.jpg 600w\" sizes=\"auto, (max-width: 796px) 100vw, 796px\"><\/p>\n<p>Plus de 300 combattants du Front de lib\u00e9ration du peuple du Tigr\u00e9 (TPLF) ont \u00e9t\u00e9 tu\u00e9s lors de l&rsquo;offensive de l&rsquo;arm\u00e9e \u00e9thiopienne dans la r\u00e9gion d&rsquo;Afar.Le patron du commandement oriental des forces de d\u00e9fense \u00e9thiopiennes, le major-g\u00e9n\u00e9ral Belay Seyoum, a d\u00e9clar\u00e9 dans un communiqu\u00e9 lu par APA, que quarante rebelles ont \u00e9t\u00e9 aussi captur\u00e9s lors de l&rsquo;offensive.<\/p>\n<p>Ce regain de violence intervient presque une semaine apr\u00e8s la fin du cessez-le-feu dans la r\u00e9gion du Tigr\u00e9, au nord du pays, d\u00e9cr\u00e9t\u00e9 par le gouvernement \u00e9thiopien.<\/p>\n<p>Le TPLF, d\u00e9sormais alli\u00e9 de l&rsquo;aile militante du Front de lib\u00e9ration oromo (OLF), a \u00e9t\u00e9 contraint de stopper son avanc\u00e9e dans la r\u00e9gion d&rsquo;Afar, qui visait \u00e0 contr\u00f4ler la route Ethiopie &#8211; Djibouti.<\/p>\n<p>Le major-g\u00e9n\u00e9ral Baly Seyoum a d\u00e9clar\u00e9 que l&rsquo;op\u00e9ration sur le front oriental \u00e9tait un succ\u00e8s. Avant de pr\u00e9venir les insurg\u00e9s qui contr\u00f4lent certaines r\u00e9gions. \u00ab Peu importe que la junte contr\u00f4le tel ou tel endroit. Cela n&rsquo;a pas d&rsquo;importance. La question est de savoir si la junte va sortir vivante des endroits qu&rsquo;elle contr\u00f4le \u00bb, mart\u00e8le-t-il.<\/p>\n<p>Dans une autre offensive, les forces de d\u00e9fense \u00e9thiopiennes avaient d\u00e9clar\u00e9 avoir tu\u00e9 70 combattants du Front populaire de lib\u00e9ration du Tigr\u00e9 (TPLF) \u00e0 Tikur Wuha, pr\u00e8s de la ville de Woldia, o\u00f9 les forces rebelles se sont battues pendant plusieurs jours dans l&rsquo;espoir de contr\u00f4ler la ville.<\/p>\n<p>Selon un communiqu\u00e9 de l&rsquo;arm\u00e9e, les forces du TPLF \u00e9taient sous la direction du g\u00e9n\u00e9ral de brigade Kebebe Fekadu, qui \u00e9tait lui-m\u00eame membre des forces de d\u00e9fense \u00e9thiopiennes qu&rsquo;il a d\u00e9sert\u00e9 lorsque plusieurs bases du commandement nord ont \u00e9t\u00e9 attaqu\u00e9es en novembre 2020. L&rsquo;op\u00e9ration a permis de r\u00e9cup\u00e9rer 19 fusils AK47, cinq fusils de sniper et plusieurs fusils d&rsquo;assaut de groupe a \u00e9galement r\u00e9v\u00e9l\u00e9 l&rsquo;arm\u00e9e \u00e9thiopienne.<\/p>\n<p>Cet article <a rel=\"nofollow\" href=\"https:\/\/www.journalducameroun.com\/ethiopie-le-tplf-touche-par-loffensive-de-larmee\/\">Ethiopie : le TPLF touch\u00e9 par l\u2019offensive de l\u2019arm\u00e9e<\/a> est apparu en premier sur <a rel=\"nofollow\" href=\"https:\/\/www.journalducameroun.com\/\">Journal du Cameroun<\/a>.<\/p>\n<\/div>\n<p>Auteur: APA News<br \/>\n<a href=\"https:\/\/www.journalducameroun.com\/ethiopie-le-tplf-touche-par-loffensive-de-larmee\/\">Cliquez ici pour lire l&rsquo;article depuis sa source.<\/a><\/p>\n","protected":false},"excerpt":{"rendered":"<p>Plus de 300 combattants du Front de lib\u00e9ration du peuple du Tigr\u00e9 (TPLF) ont \u00e9t\u00e9 tu\u00e9s lors de l&rsquo;offensive de l&rsquo;arm\u00e9e \u00e9thiopienne dans la r\u00e9gion d&rsquo;Afar.Le patron du commandement oriental des forces de d\u00e9fense \u00e9thiopiennes, le major-g\u00e9n\u00e9ral Belay Seyoum, a d\u00e9clar\u00e9 dans un communiqu\u00e9 lu par APA, que quarante rebelles ont \u00e9t\u00e9 aussi captur\u00e9s lors [&hellip;]<\/p>\n","protected":false},"author":1965,"featured_media":0,"comment_status":"closed","ping_status":"closed","sticky":false,"template":"","format":"standard","meta":{"fifu_image_url":"https:\/\/www.journalducameroun.com\/wp-content\/uploads\/2021\/08\/16291198829909.jpg","fifu_image_alt":"Ethiopie : le TPLF touch\u00e9 par l\u2019offensive de l\u2019arm\u00e9e","footnotes":""},"categories":[73,82],"tags":[],"class_list":["post-124333","post","type-post","status-publish","format-standard","hentry","category-actualite","category-cameroun"],"_links":{"self":[{"href":"https:\/\/linitiative.ca\/International\/wp-json\/wp\/v2\/posts\/124333","targetHints":{"allow":["GET"]}}],"collection":[{"href":"https:\/\/linitiative.ca\/International\/wp-json\/wp\/v2\/posts"}],"about":[{"href":"https:\/\/linitiative.ca\/International\/wp-json\/wp\/v2\/types\/post"}],"author":[{"embeddable":true,"href":"https:\/\/linitiative.ca\/International\/wp-json\/wp\/v2\/users\/1965"}],"replies":[{"embeddable":true,"href":"https:\/\/linitiative.ca\/International\/wp-json\/wp\/v2\/comments?post=124333"}],"version-history":[{"count":0,"href":"https:\/\/linitiative.ca\/International\/wp-json\/wp\/v2\/posts\/124333\/revisions"}],"wp:attachment":[{"href":"https:\/\/linitiative.ca\/International\/wp-json\/wp\/v2\/media?parent=124333"}],"wp:term":[{"taxonomy":"category","embeddable":true,"href":"https:\/\/linitiative.ca\/International\/wp-json\/wp\/v2\/categories?post=124333"},{"taxonomy":"post_tag","embeddable":true,"href":"https:\/\/linitiative.ca\/International\/wp-json\/wp\/v2\/tags?post=124333"}],"curies":[{"name":"wp","href":"https:\/\/api.w.org\/{rel}","templated":true}]}}