{"id":124337,"date":"2021-08-16T17:18:01","date_gmt":"2021-08-16T21:18:01","guid":{"rendered":"https:\/\/linitiative.ca\/International\/moyo-sifundo-nouveau-sg-de-lupap-prend-fonction-en-septembre\/"},"modified":"2021-08-16T17:18:01","modified_gmt":"2021-08-16T21:18:01","slug":"moyo-sifundo-nouveau-sg-de-lupap-prend-fonction-en-septembre","status":"publish","type":"post","link":"https:\/\/linitiative.ca\/International\/moyo-sifundo-nouveau-sg-de-lupap-prend-fonction-en-septembre\/","title":{"rendered":"Moyo Sifundo, nouveau SG de l\u2019UPAP, prend fonction en septembre"},"content":{"rendered":"<div>\n<p><img loading=\"lazy\" decoding=\"async\" width=\"1040\" height=\"780\" src=\"https:\/\/linitiative.ca\/International\/wp-content\/uploads\/sites\/23\/2021\/08\/16291486826622.jpg\" class=\"attachment-post-thumbnail size-post-thumbnail wp-post-image\" alt=\"\" srcset=\"https:\/\/linitiative.ca\/International\/wp-content\/uploads\/sites\/23\/2021\/08\/16291486826622.jpg 1040w, https:\/\/www.journalducameroun.com\/wp-content\/uploads\/2021\/08\/16291486826622-300x225.jpg 300w, https:\/\/www.journalducameroun.com\/wp-content\/uploads\/2021\/08\/16291486826622-768x576.jpg 768w, https:\/\/www.journalducameroun.com\/wp-content\/uploads\/2021\/08\/16291486826622-1024x768.jpg 1024w, https:\/\/www.journalducameroun.com\/wp-content\/uploads\/2021\/08\/16291486826622-587x440.jpg 587w, https:\/\/www.journalducameroun.com\/wp-content\/uploads\/2021\/08\/16291486826622-600x450.jpg 600w\" sizes=\"auto, (max-width: 1040px) 100vw, 1040px\"><\/p>\n<p>Le Zimbabw\u00e9en Moyo Sifundo Chief, \u00e9lu le 13 ao\u00fbt 2021, secr\u00e9taire g\u00e9n\u00e9ral de l&rsquo;Union panafricaine des postes (UPAP), en marge du 27e Congr\u00e8s de l&rsquo;Union postale universelle (UPU), \u00e0 Abidjan, prend fonction le 1er septembre 2021.<\/p>\n<p>\u00ab\u00a0Je vais prendre fonction officiellement le 1er septembre 2021\u00a0\u00bb, a annonc\u00e9 lundi M. Moyo Sifundo Chief, le nouveau secr\u00e9taire g\u00e9n\u00e9ral de l&rsquo;UPAP, qui dans sa vision veut \u00ab\u00a0conduire la digitalisation de la poste en Afrique\u00a0\u00bb, lors d&rsquo;une conf\u00e9rence de presse.<\/p>\n<p>Le th\u00e8me du 27e Congr\u00e8s de l&rsquo;UPU qui se se tient du 9 au 27 ao\u00fbt 2021 \u00e0 Abidjan, tourn\u00e9 autour de l&rsquo;e-commerce et de la digitalisation du secteur postal universel. L&rsquo;UPAP se veut \u00ab\u00a0un instrument tr\u00e8s important quant \u00e0 la digitalisation de la poste en Afrique\u00a0\u00bb.\u00a0<\/p>\n<p>Pour M. Moyo Sifundo, les bureaux de poste sur le continent, en tant qu&rsquo;agences de d\u00e9veloppement, seront \u00ab\u00a0utilis\u00e9s pour d\u00e9velopper certains programmes des gouvernements et la digitalisation de la poste\u00a0\u00bb.\u00a0<\/p>\n<p>Il a fait observer que \u00ab\u00a0c&rsquo;est gr\u00e2ce \u00e0 la digitalisation que certaines postes sont capables d&rsquo;offrir des services comme le e-commerce et les services gouvernementaux en ligne\u00a0\u00bb, surtout dans cette p\u00e9riode marqu\u00e9e par la pand\u00e9mie de Covid-19.<\/p>\n<p>La Covid-19 a affect\u00e9 plusieurs secteurs dans les pays et en particulier la poste. Mais, tr\u00e8s rapidement les bureaux se sont relev\u00e9s des cendres \u00e0 travers les protocoles sanitaires pour faciliter la distribution \u00e0 travers la logistique.\u00a0<\/p>\n<p>Le nouveau secr\u00e9taire g\u00e9n\u00e9ral de l&rsquo;UPAP veut s&rsquo;assurer que \u00ab\u00a0tous les pays africains soient membres de l&rsquo;organisation\u00a0\u00bb panafricaine, tout en apportant ses 26 ans d&rsquo;exp\u00e9riences dans le secteur postal \u00e0 travers le monde.<\/p>\n<p>Il a soutenu que l&rsquo;e-commerce est une niche pour les compagnies postales qui devront mettre en relation les fournisseurs et les clients. Mais, cela ne peut \u00eatre efficient qu&rsquo; \u00e0 travers une bonne gouvernance et un service apr\u00e8s-vente probant.<\/p>\n<p>M. Moyo Sifundo estime que le renouvellement de leadership est un atout ind\u00e9niable pour l&rsquo;organisation. Ce dernier qui a travaill\u00e9 sur les r\u00e9formes de la poste au sein de l&rsquo;UPU, veut dynamiser l&rsquo;UPAP.\u00a0<\/p>\n<p>Le Conseil des ministres de l&rsquo;Union africaine (UA), r\u00e9uni en sa 29e session ordinaire du 23 juin au 3 juillet 1977, \u00e0 Libreville, au Gabon, a adopt\u00e9 la cr\u00e9ation de l&rsquo;Union panafricaine des postes pour servir d&rsquo;organisme de tutelle \u00e0 toutes les administrations postales en Afrique.\u00a0<\/p>\n<p>Cet article <a rel=\"nofollow\" href=\"https:\/\/www.journalducameroun.com\/moyo-sifundo-nouveau-sg-de-lupap-prend-fonction-en-septembre\/\">Moyo Sifundo, nouveau SG de l\u2019UPAP, prend fonction en septembre<\/a> est apparu en premier sur <a rel=\"nofollow\" href=\"https:\/\/www.journalducameroun.com\/\">Journal du Cameroun<\/a>.<\/p>\n<\/div>\n<p>Auteur: APA News<br \/>\n<a href=\"https:\/\/www.journalducameroun.com\/moyo-sifundo-nouveau-sg-de-lupap-prend-fonction-en-septembre\/\">Cliquez ici pour lire l&rsquo;article depuis sa source.<\/a><\/p>\n","protected":false},"excerpt":{"rendered":"<p>Le Zimbabw\u00e9en Moyo Sifundo Chief, \u00e9lu le 13 ao\u00fbt 2021, secr\u00e9taire g\u00e9n\u00e9ral de l&rsquo;Union panafricaine des postes (UPAP), en marge du 27e Congr\u00e8s de l&rsquo;Union postale universelle (UPU), \u00e0 Abidjan, prend fonction le 1er septembre 2021. \u00ab\u00a0Je vais prendre fonction officiellement le 1er septembre 2021\u00a0\u00bb, a annonc\u00e9 lundi M. Moyo Sifundo Chief, le nouveau secr\u00e9taire [&hellip;]<\/p>\n","protected":false},"author":1965,"featured_media":0,"comment_status":"closed","ping_status":"closed","sticky":false,"template":"","format":"standard","meta":{"fifu_image_url":"https:\/\/www.journalducameroun.com\/wp-content\/uploads\/2021\/08\/16291486826622.jpg","fifu_image_alt":"Moyo Sifundo, nouveau SG de l\u2019UPAP, prend fonction en septembre","footnotes":""},"categories":[73,82],"tags":[],"class_list":["post-124337","post","type-post","status-publish","format-standard","hentry","category-actualite","category-cameroun"],"_links":{"self":[{"href":"https:\/\/linitiative.ca\/International\/wp-json\/wp\/v2\/posts\/124337","targetHints":{"allow":["GET"]}}],"collection":[{"href":"https:\/\/linitiative.ca\/International\/wp-json\/wp\/v2\/posts"}],"about":[{"href":"https:\/\/linitiative.ca\/International\/wp-json\/wp\/v2\/types\/post"}],"author":[{"embeddable":true,"href":"https:\/\/linitiative.ca\/International\/wp-json\/wp\/v2\/users\/1965"}],"replies":[{"embeddable":true,"href":"https:\/\/linitiative.ca\/International\/wp-json\/wp\/v2\/comments?post=124337"}],"version-history":[{"count":0,"href":"https:\/\/linitiative.ca\/International\/wp-json\/wp\/v2\/posts\/124337\/revisions"}],"wp:attachment":[{"href":"https:\/\/linitiative.ca\/International\/wp-json\/wp\/v2\/media?parent=124337"}],"wp:term":[{"taxonomy":"category","embeddable":true,"href":"https:\/\/linitiative.ca\/International\/wp-json\/wp\/v2\/categories?post=124337"},{"taxonomy":"post_tag","embeddable":true,"href":"https:\/\/linitiative.ca\/International\/wp-json\/wp\/v2\/tags?post=124337"}],"curies":[{"name":"wp","href":"https:\/\/api.w.org\/{rel}","templated":true}]}}