{"id":124339,"date":"2021-08-16T07:24:33","date_gmt":"2021-08-16T11:24:33","guid":{"rendered":"https:\/\/linitiative.ca\/International\/a-la-hauteur-des-defis\/"},"modified":"2021-08-16T07:24:33","modified_gmt":"2021-08-16T11:24:33","slug":"a-la-hauteur-des-defis","status":"publish","type":"post","link":"https:\/\/linitiative.ca\/International\/a-la-hauteur-des-defis\/","title":{"rendered":"\u00c0 la hauteur des d\u00e9fis"},"content":{"rendered":"<div>\n<p>Le Palais des Congr\u00e8s se sent honor\u00e9 et privil\u00e9gi\u00e9 d\u2019abriter ce mardi 17 ao\u00fbt 2021 la c\u00e9r\u00e9monie de tirage au sort de la\u00a0<strong><a href=\"https:\/\/ecomatin.net\/chan-2020-des-opportunites-pour-le-made-in-cameroun\/\">CAN Total Energies<\/a><\/strong>\u00a0qui se tiendra au Cameroun du 09 janvier au 06 f\u00e9vrier 2022. Il s\u2019agit de la derni\u00e8re phase d\u2019une longue s\u00e9ance d\u2019\u00e9chauffement \u00e0 laquelle se livre le Cameroun depuis tant d\u2019ann\u00e9es en vue de l\u2019organisation de cette prestigieuse comp\u00e9tition dont la derni\u00e8re \u00e9dition dans notre pays s\u2019est tenue en 1972. Cinquante ans ! Un long demi-si\u00e8cle pour le pays des Lions indomptables, quintuples d\u00e9tenteurs d\u2019un troph\u00e9e remport\u00e9 \u00e0 chaque fois sur terrain adverse. Pour en arriver \u00e0 cette comp\u00e9tition dont l\u2019avant-go\u00fbt sera d\u00e9voil\u00e9 mardi, que de glissements et de glissades ; que de cafouillages, de tacles et d\u2019actes d\u2019anti jeu ! Mais nous y sommes enfin ;\u00a0\u00a0il n\u2019y a plus ni doutes ni nuages sur le d\u00e9roulement de la comp\u00e9tition en terre camerounaise. On n\u2019attend plus que le coup d\u2019envoi. Quel ouf de soulagement pour les dirigeants et le peuple Camerounais, la CAF et les supporters du football au Cameroun et dans le monde entier!!! La promesse du Pr\u00e9sident Paul BIYA d\u2019offrir \u00e0 la jeunesse africaine et camerounaise l\u2019une des plus belles \u00e9ditions de la CAN est tenue.<\/p>\n<p><strong>Lire aussi :<\/strong> <strong><a href=\"https:\/\/ecomatin.net\/la-cameroun-radio-television-adopte-un-budget-de-28-milliards-de-fcfa-pour-2021\/\">La Crtv adopte un budget de 28 milliards de Fcfa pour 2021<\/a><\/strong><\/p>\n<p>Le Palais des Congr\u00e8s est donc au c\u0153ur de cet \u00e9v\u00e9nement, \u00e0 l\u2019instar d\u2019un milieu de terrain relayeur ou \u00ab porteur d\u2019eau \u00bb qui ratisse tous les ballons et les bonifie pour aider son \u00e9quipe \u00e0 marquer le maximum de buts. Certes il ne s\u2019agit pas du match de sa vie puisqu\u2019il a d\u00e9j\u00e0 eu \u00e0 abriter par le pass\u00e9 des manifestations plus prestigieuses et des rencontres plus importantes. Mais il entend mouiller le maillot afin que cette c\u00e9r\u00e9monie de tirage au sort soit le coup d\u2019envoi d\u2019une CAN r\u00e9ussie. Le personnel du Palais des Congr\u00e8s s\u2019est surpass\u00e9 pour atteindre cet objectif. Il en a l\u2019habitude, l\u2019exp\u00e9rience et l\u2019expertise.<\/p>\n<p><strong>Lire aussi :<\/strong> <strong><a href=\"https:\/\/ecomatin.net\/chan-2020-des-opportunites-pour-le-made-in-cameroun\/\">Chan 2020 : des opportunit\u00e9s pour le Made in Cameroun<\/a><\/strong><\/p>\n<p>La nature et la g\u00e9ographie ont bien voulu placer ce monument sur les hauteurs de l\u2019une des sept collines de la ville de Yaound\u00e9. Ce n\u2019est point un hasard. Sa vocation naturelle et son ambition l\u00e9gitime sont par cons\u00e9quent d\u2019aller toujours plus haut, plus loin et d\u2019\u00eatre plus fort pour relever tous les d\u00e9fis qu\u2019on lui impose. Le moindre de ces d\u00e9fis \u00e9tant le contexte sanitaire.<\/p>\n<p><strong>Lire aussi :<\/strong> <strong><a href=\"https:\/\/ecomatin.net\/cameroun-les-projets-finances-par-les-titres-publics-en-2021\/\">Cameroun : les projets financ\u00e9s par les titres publics en 2021<\/a><\/strong><\/p>\n<p>Les invit\u00e9s et les participants peuvent cependant \u00eatre rassur\u00e9s: par rapport \u00e0 leur confort, \u00e0 leur s\u00e9curit\u00e9 et \u00e0 leur sant\u00e9, toutes les mesures ont \u00e9t\u00e9 prises en relation avec les autres intervenants pour leur garantir un s\u00e9jour et une soir\u00e9e m\u00e9morables au sommet du Mont Nkolnyada.<\/p>\n<p><strong>Lire aussi :<\/strong> <strong><a href=\"https:\/\/ecomatin.net\/service-de-la-dette-commentt-le-cameroun-compte-rembourserr-son-eurobond-2021\/\">Service de la dette : comment le Cameroun compte rembourser son eurobond 2021<\/a><\/strong><\/p>\n<p>Habitu\u00e9 \u00e0 c\u00f4toyer et \u00e0 tutoyer les cimes, le Palais des Congr\u00e8s n\u2019h\u00e9sitera pas \u00e0 \u00eatre alpiniste pour la circonstance afin d\u2019\u00eatre une fois de plus \u00e0 la hauteur des enjeux et des d\u00e9fis de cette c\u00e9r\u00e9monie du tirage au sort de la CAN Total Energies 2021. Tel est notre engagement.<\/p>\n<p>L\u2019article <a rel=\"nofollow\" href=\"https:\/\/ecomatin.net\/a-la-hauteur-des-defis\/\">\u00c0 la hauteur des d\u00e9fis<\/a> est apparu en premier sur <a rel=\"nofollow\" href=\"https:\/\/ecomatin.net\/\">EcoMatin<\/a>.<\/p>\n<\/div>\n<p>Auteur: EcoMatin<br \/>\n<a href=\"https:\/\/ecomatin.net\/a-la-hauteur-des-defis\/\">Cliquez ici pour lire l&rsquo;article depuis sa source.<\/a><\/p>\n","protected":false},"excerpt":{"rendered":"<p>Le Palais des Congr\u00e8s se sent honor\u00e9 et privil\u00e9gi\u00e9 d\u2019abriter ce mardi 17 ao\u00fbt 2021 la c\u00e9r\u00e9monie de tirage au sort de la\u00a0CAN Total Energies\u00a0qui se tiendra au Cameroun du 09 janvier au 06 f\u00e9vrier 2022. Il s\u2019agit de la derni\u00e8re phase d\u2019une longue s\u00e9ance d\u2019\u00e9chauffement \u00e0 laquelle se livre le Cameroun depuis tant d\u2019ann\u00e9es [&hellip;]<\/p>\n","protected":false},"author":1969,"featured_media":0,"comment_status":"closed","ping_status":"closed","sticky":false,"template":"","format":"standard","meta":{"fifu_image_url":"","fifu_image_alt":"","footnotes":""},"categories":[82,78],"tags":[],"class_list":["post-124339","post","type-post","status-publish","format-standard","hentry","category-cameroun","category-economie"],"_links":{"self":[{"href":"https:\/\/linitiative.ca\/International\/wp-json\/wp\/v2\/posts\/124339","targetHints":{"allow":["GET"]}}],"collection":[{"href":"https:\/\/linitiative.ca\/International\/wp-json\/wp\/v2\/posts"}],"about":[{"href":"https:\/\/linitiative.ca\/International\/wp-json\/wp\/v2\/types\/post"}],"author":[{"embeddable":true,"href":"https:\/\/linitiative.ca\/International\/wp-json\/wp\/v2\/users\/1969"}],"replies":[{"embeddable":true,"href":"https:\/\/linitiative.ca\/International\/wp-json\/wp\/v2\/comments?post=124339"}],"version-history":[{"count":0,"href":"https:\/\/linitiative.ca\/International\/wp-json\/wp\/v2\/posts\/124339\/revisions"}],"wp:attachment":[{"href":"https:\/\/linitiative.ca\/International\/wp-json\/wp\/v2\/media?parent=124339"}],"wp:term":[{"taxonomy":"category","embeddable":true,"href":"https:\/\/linitiative.ca\/International\/wp-json\/wp\/v2\/categories?post=124339"},{"taxonomy":"post_tag","embeddable":true,"href":"https:\/\/linitiative.ca\/International\/wp-json\/wp\/v2\/tags?post=124339"}],"curies":[{"name":"wp","href":"https:\/\/api.w.org\/{rel}","templated":true}]}}