{"id":124340,"date":"2021-08-16T09:46:37","date_gmt":"2021-08-16T13:46:37","guid":{"rendered":"https:\/\/linitiative.ca\/International\/chambre-dagriculture-les-elections-auront-lieu-le-12-septembre\/"},"modified":"2021-08-16T09:46:37","modified_gmt":"2021-08-16T13:46:37","slug":"chambre-dagriculture-les-elections-auront-lieu-le-12-septembre","status":"publish","type":"post","link":"https:\/\/linitiative.ca\/International\/chambre-dagriculture-les-elections-auront-lieu-le-12-septembre\/","title":{"rendered":"Chambre d\u2019agriculture : les \u00e9lections auront lieu le 12 septembre"},"content":{"rendered":"<div>\n<p>Plus que quelques semaines et la\u00a0<strong><a href=\"https:\/\/ecomatin.net\/chambre-dagriculture-ou-en-est-on-avec-la-banque-agricole\/\">Chambre d\u2019agriculture, des p\u00eaches, de l\u2019\u00e9levage et des for\u00eats du Cameroun<\/a><\/strong>\u00a0(Capef) aura de nouveaux dirigeants. C\u2019est ce que l\u2019on retient de la communication faite le 11 ao\u00fbt 2021, par le ministre de l\u2019Agriculture et du d\u00e9veloppement rural (Minader), Gabriel Mbairobe, dans le cadre du processus de renouvellement des membres et dirigeants des organes coll\u00e9giaux de la Capef.<\/p>\n<p><strong>Lire aussi : <a href=\"https:\/\/ecomatin.net\/chambre-dagriculture-ou-en-est-on-avec-la-banque-agricole\/\">Chambre d\u2019agriculture: o\u00f9 en est-on avec la banque agricole <\/a>?<\/strong><\/p>\n<p>Selon le Minader, par ailleurs pr\u00e9sident de la Commission \u00e9lectorale nationale souligne que l\u2019\u00abobjectif de ces \u00e9lections est que ces professionnels\u00a0\u00a0d\u00e9fendent v\u00e9ritablement les int\u00e9r\u00eats de leurs coll\u00e8gues \u00e0 la Chambre d\u2019agriculture au cours des 5 prochaines ann\u00e9es\u00a0\u00bb, a-t-il confi\u00e9 aux confr\u00e8res du quotidien bilingue Cameroon Tribune.<\/p>\n<p><strong>Lire aussi : <a href=\"https:\/\/ecomatin.net\/joseph-roland-matta-le-president-de-la-chambre-dagriculture-est-decede\/\">Joseph Roland Matta, le pr\u00e9sident de la chambre d\u2019Agriculture, est d\u00e9c\u00e9d\u00e9<\/a><\/strong><\/p>\n<p>A ce jour, les statistiques du fichier \u00e9lectoral r\u00e9v\u00e8lent que 17 listes\u00a0\u00a0ont \u00e9t\u00e9 valid\u00e9es pour l\u2019\u00e9lection prochaine. Dont trois dans la r\u00e9gion du Centre\u00a0; une pour l\u2019Adamaoua\u00a0; une \u00e0 l\u2019Est\u00a0; trois \u00e0 l\u2019Extr\u00eame-Nord\u00a0; deux dans le Littoral\u00a0; trois dans\u00a0\u00a0le Nord\u00a0; une dans le Nord-Ouest\u00a0; une \u00e0 l\u2019Ouest, une au Sud et une au Sud-Ouest. Pour 275\u00a0000 inscrits dont 77% d\u2019hommes et 23% de femmes, repartis dans les secteurs\u00a0: de l\u2019agriculture avec 90,5% d\u2019inscrits, l\u2019\u00e9levage 8,5%, la p\u00eache 0,8%,\u00a0\u00a0et les for\u00eats et la faune 0,3%. Ceci pourront donc voter dans 400 bureaux de vote cr\u00e9es \u00e0 cet effet sur l\u2019ensemble du territoire.<\/p>\n<p><strong>Lire aussi :<\/strong> <a href=\"https:\/\/ecomatin.net\/les-defis-de-roland-matta-a-la-chambre-dagriculture\/\"><strong>Les d\u00e9fis de Roland Matta \u00e0 la Chambre d\u2019Agriculture<\/strong> <\/a><\/p>\n<p>Ce processus de renouvellement des membres et des dirigeants des organes coll\u00e9giaux de la Capef, intervient quelques mois apr\u00e8s la prise de fonction de\u00a0<strong><a href=\"https:\/\/ecomatin.net\/martin-paul-mindjos-nomme-president-de-la-chambre-dagriculture\/\">Martin Paul Mindjos<\/a><\/strong>\u00a0\u00e0 la t\u00eate de cette chambre. Parmi les multiples d\u00e9fis inscrits dans sa feuille de route figurait l\u2019organisation de ces \u00e9lections. Afin de doter la chambre de nouveaux \u00e9lus conform\u00e9ment aux dispositions pertinentes du d\u00e9cret du 13 avril 2016. Car depuis peu celle-ci souffre d\u2019un probl\u00e8me de l\u00e9gitimit\u00e9 et de repr\u00e9sentativit\u00e9 qui plombe ses activit\u00e9s.<\/p>\n<p><strong>Lire aussi :<\/strong> <strong><a href=\"https:\/\/ecomatin.net\/martin-paul-mindjos-nomme-president-de-la-chambre-dagriculture\/\">Martin Paul Mindjos nomm\u00e9 Pr\u00e9sident de la chambre d\u2019Agriculture<\/a><\/strong><\/p>\n<p>Rappelons ici que ces \u00e9lections se d\u00e9roulent avec un l\u00e9ger retard, car elles \u00e9taient annonc\u00e9es pour le 8 ao\u00fbt dernier. L\u2019annonce avait \u00e9t\u00e9 faite lors de la premi\u00e8re cession de la commission \u00e9lectorale nationale, tenue le 27 avril 2021. Selon l\u2019agenda, il \u00e9tait pr\u00e9vu que les listes d\u00e9finitives soient publi\u00e9es le 8 juillet, avec un lancement effectif de la campagne, qui devait aboutir au scrutin le 8 ao\u00fbt 2021. Pour une publication pr\u00e9vue 11 jours plus tard.<\/p>\n<p>L\u2019article <a rel=\"nofollow\" href=\"https:\/\/ecomatin.net\/chambre-dagriculture-les-elections-auront-lieu-le-12-septembre\/\">Chambre d\u2019agriculture : les \u00e9lections auront lieu le 12 septembre<\/a> est apparu en premier sur <a rel=\"nofollow\" href=\"https:\/\/ecomatin.net\/\">EcoMatin<\/a>.<\/p>\n<\/div>\n<p>Auteur: Cindy MBALA<br \/>\n<a href=\"https:\/\/ecomatin.net\/chambre-dagriculture-les-elections-auront-lieu-le-12-septembre\/\">Cliquez ici pour lire l&rsquo;article depuis sa source.<\/a><\/p>\n","protected":false},"excerpt":{"rendered":"<p>Plus que quelques semaines et la\u00a0Chambre d\u2019agriculture, des p\u00eaches, de l\u2019\u00e9levage et des for\u00eats du Cameroun\u00a0(Capef) aura de nouveaux dirigeants. C\u2019est ce que l\u2019on retient de la communication faite le 11 ao\u00fbt 2021, par le ministre de l\u2019Agriculture et du d\u00e9veloppement rural (Minader), Gabriel Mbairobe, dans le cadre du processus de renouvellement des membres et [&hellip;]<\/p>\n","protected":false},"author":1969,"featured_media":0,"comment_status":"closed","ping_status":"closed","sticky":false,"template":"","format":"standard","meta":{"fifu_image_url":"","fifu_image_alt":"","footnotes":""},"categories":[82,78],"tags":[],"class_list":["post-124340","post","type-post","status-publish","format-standard","hentry","category-cameroun","category-economie"],"_links":{"self":[{"href":"https:\/\/linitiative.ca\/International\/wp-json\/wp\/v2\/posts\/124340","targetHints":{"allow":["GET"]}}],"collection":[{"href":"https:\/\/linitiative.ca\/International\/wp-json\/wp\/v2\/posts"}],"about":[{"href":"https:\/\/linitiative.ca\/International\/wp-json\/wp\/v2\/types\/post"}],"author":[{"embeddable":true,"href":"https:\/\/linitiative.ca\/International\/wp-json\/wp\/v2\/users\/1969"}],"replies":[{"embeddable":true,"href":"https:\/\/linitiative.ca\/International\/wp-json\/wp\/v2\/comments?post=124340"}],"version-history":[{"count":0,"href":"https:\/\/linitiative.ca\/International\/wp-json\/wp\/v2\/posts\/124340\/revisions"}],"wp:attachment":[{"href":"https:\/\/linitiative.ca\/International\/wp-json\/wp\/v2\/media?parent=124340"}],"wp:term":[{"taxonomy":"category","embeddable":true,"href":"https:\/\/linitiative.ca\/International\/wp-json\/wp\/v2\/categories?post=124340"},{"taxonomy":"post_tag","embeddable":true,"href":"https:\/\/linitiative.ca\/International\/wp-json\/wp\/v2\/tags?post=124340"}],"curies":[{"name":"wp","href":"https:\/\/api.w.org\/{rel}","templated":true}]}}