{"id":124341,"date":"2021-08-17T08:35:39","date_gmt":"2021-08-17T12:35:39","guid":{"rendered":"https:\/\/linitiative.ca\/International\/covid-19-le-ministere-de-la-sante-preoccupe-par-la-hausse-des-cas-critiques\/"},"modified":"2021-08-17T08:35:39","modified_gmt":"2021-08-17T12:35:39","slug":"covid-19-le-ministere-de-la-sante-preoccupe-par-la-hausse-des-cas-critiques","status":"publish","type":"post","link":"https:\/\/linitiative.ca\/International\/covid-19-le-ministere-de-la-sante-preoccupe-par-la-hausse-des-cas-critiques\/","title":{"rendered":"Covid-19: le minist\u00e8re de la Sant\u00e9 pr\u00e9occup\u00e9 par la hausse des cas critiques"},"content":{"rendered":"<div>\n<p><img decoding=\"async\" width=\"300\" height=\"153\" src=\"https:\/\/linitiative.ca\/International\/wp-content\/uploads\/sites\/23\/2021\/08\/Coronavirus-covid19-Hopital-300x153-1.jpg\" class=\"attachment-medium size-medium wp-post-image\" alt=\"\" loading=\"lazy\" srcset=\"\/\/aujourdhui.ma\/wp-content\/uploads\/2021\/08\/Coronavirus-covid19-Hopital-300x153.jpg 300w, \/\/aujourdhui.ma\/wp-content\/uploads\/2021\/08\/Coronavirus-covid19-Hopital-274x140.jpg 274w, \/\/aujourdhui.ma\/wp-content\/uploads\/2021\/08\/Coronavirus-covid19-Hopital.jpg 746w, \/\/aujourdhui.ma\/wp-content\/uploads\/2021\/08\/Coronavirus-covid19-Hopital-165x84.jpg 165w, \/\/aujourdhui.ma\/wp-content\/uploads\/2021\/08\/Coronavirus-covid19-Hopital-702x358.jpg 702w\" sizes=\"auto, (max-width: 300px) 100vw, 300px\"><\/p>\n<p><span style=\"color: #800000;\"><strong>Le minist\u00e8re de la Sant\u00e9 a exprim\u00e9, mardi, ses inqui\u00e9tudes face \u00e0 la hausse des cas critiques de Covid-19 au cours des deux derni\u00e8res semaines, une situation qui risque de favoriser \u00ab\u00a0une recrudescence du nombre de d\u00e9c\u00e8s\u00a0\u00bb.<\/strong><\/span><span id=\"more-384253\"><\/span><\/p>\n<p>\u00ab\u00a0En d\u00e9pit de l\u2019am\u00e9lioration des indicateurs relatifs au taux de reproduction et de positivit\u00e9, on ne peut n\u00e9gliger l\u2019aggravation de celui des cas critiques admis aux soins intensifs, qui risque d\u2019entrainer malheureusement sur une recrudescence du nombre des d\u00e9c\u00e8s\u00a0\u00bb, a d\u00e9clar\u00e9 le chef de la division des maladies transmissibles au minist\u00e8re, Abdelkrim Meziane Bellefquih, lors de la pr\u00e9sentation du bilan bimensuel (3\/16 ao\u00fbt 2021) de la situation \u00e9pid\u00e9mique au Maroc.<\/p>\n<p>De ce fait, les cas critiques ont connu une hausse significative pour s\u2019\u00e9tablir \u00e0 1.946 ( 126%) durant la derni\u00e8re quinzaine, ce qui accentue la pression sur le syst\u00e8me de sant\u00e9 d\u2019autant que les unit\u00e9s d\u00e9di\u00e9es ont d\u00e9pass\u00e9 50% de leur capacit\u00e9.<\/p>\n<p>Le nombre des patients intub\u00e9s et des d\u00e9c\u00e8s ont respectivement progress\u00e9 de 42 et 36% suite \u00e0 la r\u00e9surgence du virus dans toutes les r\u00e9gions du Royaume.<\/p>\n<p>Pour les autres indicateurs, le rapport fait \u00e9tat d\u2019un total de 763.353 des contaminations enregistr\u00e9es depuis le 2 mars 2020, et de 673.116 cas de r\u00e9tablissement, soit un taux de gu\u00e9rison de 88,2%.<\/p>\n<p>Le taux d\u2019incidence cumul\u00e9e s\u2019\u00e9l\u00e8ve \u00e0 2.092 pour 100.000 habitants, tandis que le nombre des d\u00e9c\u00e8s s\u2019est \u00e9tabli \u00e0 11.119 cas, soit un taux de l\u00e9talit\u00e9 de 1,5%, contre une moyenne mondiale de 2,1%.<\/p>\n<p>Quant au taux de reproduction du virus, il est pass\u00e9 de 1,47 il y a 15 jours, \u00e0 0,96 lundi, et in\u00e9galement r\u00e9parti entre les diff\u00e9rentes r\u00e9gions.<\/p>\n<p>De m\u00eame, le taux de positivit\u00e9 est rest\u00e9 quasi stable durant les trois derni\u00e8res semaines, oscillant entre 22 et 23 %. Le taux le plus \u00e9lev\u00e9 a \u00e9t\u00e9 signal\u00e9 dans la r\u00e9gion Guelmim-Oued Noun (40%) et le plus bas \u00e0 F\u00e8s-Mekn\u00e8s (8,5%).<\/p>\n<p>Par ailleurs, la tendance haussi\u00e8re des cas positifs s\u2019est poursuivie durant les deux derni\u00e8res semaines. Ainsi, les cas positifs sont pass\u00e9s de 50.445 cas hebdomadaires d\u00e9but ao\u00fbt, \u00e0 63.174 cas positifs la semaine derni\u00e8re ( 20%).<\/p>\n<p>On recense plus de 80.000 cas actifs en date du 16 ao\u00fbt, contre 54.586 dans le dernier bilan, au moment o\u00f9 les tests de d\u00e9pistage ont atteint une moyenne quotidienne de quelque 40.000, souligne le responsable.<\/p>\n<p>Dans ce contexte, le minist\u00e8re de la Sant\u00e9 appelle \u00e0 davantage de responsabilit\u00e9, au strict respect des mesures de pr\u00e9vention et \u00e0 une participation active dans la campagne nationale de vaccination, a-t-il dit.<\/p>\n<p>S\u2019agissant de la campagne nationale de vaccination, le bilan bimensuel d\u00e9nombre plus de 28 millions de doses inject\u00e9es, avec plus de 11 millions de personnes compl\u00e8tement vaccin\u00e9es.<\/p>\n<p>Le Maroc a re\u00e7u derni\u00e8rement de nouvelles quantit\u00e9s des vaccins, ce qui permet aux autorit\u00e9s sanitaires de continuer l\u2019op\u00e9ration de vaccination dans de bonnes conditions.<\/p>\n<p>En vue d\u2019intensifier cette campagne, la vaccination a \u00e9t\u00e9 \u00e9largie aux personnes \u00e2g\u00e9es de plus de 18 ans et les centres de vaccination restent ouverts tous les jours jusqu\u2019\u00e0 20H00, sans prise de rendez-vous ni condition de lieu de r\u00e9sidence.<\/p>\n<\/div>\n<p>Auteur: ALM<br \/>\n<a href=\"https:\/\/aujourdhui.ma\/societe\/covid-19-le-ministere-de-la-sante-preoccupe-par-la-hausse-des-cas-critiques\">Cliquez ici pour lire l&rsquo;article depuis sa source.<\/a><\/p>\n","protected":false},"excerpt":{"rendered":"<p>Le minist\u00e8re de la Sant\u00e9 a exprim\u00e9, mardi, ses inqui\u00e9tudes face \u00e0 la hausse des cas critiques de Covid-19 au cours des deux derni\u00e8res semaines, une situation qui risque de favoriser \u00ab\u00a0une recrudescence du nombre de d\u00e9c\u00e8s\u00a0\u00bb. \u00ab\u00a0En d\u00e9pit de l\u2019am\u00e9lioration des indicateurs relatifs au taux de reproduction et de positivit\u00e9, on ne peut n\u00e9gliger [&hellip;]<\/p>\n","protected":false},"author":1759,"featured_media":0,"comment_status":"closed","ping_status":"closed","sticky":false,"template":"","format":"standard","meta":{"fifu_image_url":"https:\/\/aujourdhui.ma\/wp-content\/uploads\/2021\/08\/Coronavirus-covid19-Hopital-300x153.jpg","fifu_image_alt":"Covid-19: le minist\u00e8re de la Sant\u00e9 pr\u00e9occup\u00e9 par la hausse des cas critiques","footnotes":""},"categories":[73,54],"tags":[],"class_list":["post-124341","post","type-post","status-publish","format-standard","hentry","category-actualite","category-maroc"],"_links":{"self":[{"href":"https:\/\/linitiative.ca\/International\/wp-json\/wp\/v2\/posts\/124341","targetHints":{"allow":["GET"]}}],"collection":[{"href":"https:\/\/linitiative.ca\/International\/wp-json\/wp\/v2\/posts"}],"about":[{"href":"https:\/\/linitiative.ca\/International\/wp-json\/wp\/v2\/types\/post"}],"author":[{"embeddable":true,"href":"https:\/\/linitiative.ca\/International\/wp-json\/wp\/v2\/users\/1759"}],"replies":[{"embeddable":true,"href":"https:\/\/linitiative.ca\/International\/wp-json\/wp\/v2\/comments?post=124341"}],"version-history":[{"count":0,"href":"https:\/\/linitiative.ca\/International\/wp-json\/wp\/v2\/posts\/124341\/revisions"}],"wp:attachment":[{"href":"https:\/\/linitiative.ca\/International\/wp-json\/wp\/v2\/media?parent=124341"}],"wp:term":[{"taxonomy":"category","embeddable":true,"href":"https:\/\/linitiative.ca\/International\/wp-json\/wp\/v2\/categories?post=124341"},{"taxonomy":"post_tag","embeddable":true,"href":"https:\/\/linitiative.ca\/International\/wp-json\/wp\/v2\/tags?post=124341"}],"curies":[{"name":"wp","href":"https:\/\/api.w.org\/{rel}","templated":true}]}}