{"id":124343,"date":"2021-08-17T09:00:26","date_gmt":"2021-08-17T13:00:26","guid":{"rendered":"https:\/\/linitiative.ca\/International\/le-patrimoine-historique-et-architectural-mis-en-valeur\/"},"modified":"2021-08-17T09:00:26","modified_gmt":"2021-08-17T13:00:26","slug":"le-patrimoine-historique-et-architectural-mis-en-valeur","status":"publish","type":"post","link":"https:\/\/linitiative.ca\/International\/le-patrimoine-historique-et-architectural-mis-en-valeur\/","title":{"rendered":"Le patrimoine historique et architectural mis en valeur"},"content":{"rendered":"<div>\n<p><img decoding=\"async\" width=\"300\" height=\"153\" src=\"https:\/\/linitiative.ca\/International\/wp-content\/uploads\/sites\/23\/2021\/08\/5-Une-partie-du-trousseau-de-la-marieCC81e-300x153-1.jpg\" class=\"attachment-medium size-medium wp-post-image\" alt=\"\" loading=\"lazy\" srcset=\"\/\/aujourdhui.ma\/wp-content\/uploads\/2021\/08\/5-Une-partie-du-trousseau-de-la-marie\u0301e-300x153.jpg 300w, \/\/aujourdhui.ma\/wp-content\/uploads\/2021\/08\/5-Une-partie-du-trousseau-de-la-marie\u0301e-274x140.jpg 274w, \/\/aujourdhui.ma\/wp-content\/uploads\/2021\/08\/5-Une-partie-du-trousseau-de-la-marie\u0301e.jpg 746w, \/\/aujourdhui.ma\/wp-content\/uploads\/2021\/08\/5-Une-partie-du-trousseau-de-la-marie\u0301e-165x84.jpg 165w, \/\/aujourdhui.ma\/wp-content\/uploads\/2021\/08\/5-Une-partie-du-trousseau-de-la-marie\u0301e-702x358.jpg 702w\" sizes=\"auto, (max-width: 300px) 100vw, 300px\"><\/p>\n<p><strong>Le programme de cette semaine comporte des expositions des \u0153uvres d\u2019art des artistes-peintres de la r\u00e9gion, en l\u2019occurrence Riad Bouhlal, Lina Madina, Souad <\/strong><br \/>\n<strong>El Feky, Jamila Alaoui Mribtou et celle de la styliste t\u00e9touanaise Meriem El Mouden.<\/strong><span id=\"more-384190\"><\/span><\/p>\n<p>La premi\u00e8re Semaine culturelle estivale de T\u00e9touan se poursuit jusqu\u2019au 20 ao\u00fbt, dans les plus importants sites intra-muros. Co-organis\u00e9e par l\u2019association T\u00e9touan Asmir et l\u2019association Haja Zoubida Afilal, \u00abcette semaine se d\u00e9roule dans le respect des mesures de pr\u00e9vention et de distanciation physique face \u00e0 la pand\u00e9mie de Covid-19 et vise \u00e0 mettre en valeur le patrimoine t\u00e9touanais et faire conna\u00eetre la broderie, la couture traditionnelle, le carrelage et autres produits de l\u2019artisanat et du terroir dont se distingue cette r\u00e9gion. Dans ce sens, elle conna\u00eet l\u2019ouverture de trois anciennes maisons, dont les locaux avaient \u00e9t\u00e9 restaur\u00e9s dans le cadre de la pr\u00e9servation de l\u2019h\u00e9ritage historique et sont destin\u00e9es \u00e0 abriter les activit\u00e9s de cette premi\u00e8re \u00e9dition\u00bb, fait part Atimad Ftouh, repr\u00e9sentante du comit\u00e9 d\u2019organisation et membre du bureau de l\u2019association Haja Zoubida Afilal.<\/p>\n<p><strong>Animation de la ville<\/strong><\/p>\n<p>Les travaux de cette premi\u00e8re \u00e9dition ont d\u00e9but\u00e9, samedi 14 ao\u00fbt, aux locaux de Dar Abdellatif dans l\u2019ancienne m\u00e9dina. La programmation de cette premi\u00e8re journ\u00e9e s\u2019est distingu\u00e9e par le vernissage de l\u2019exposition d\u2019art plastique et celles des produits d\u2019artisanat et du terroir.<br \/>\nPar ailleurs, les organisateurs ont voulu faire de cette semaine un grand \u00e9v\u00e9nement \u00e0 la hauteur des attentes des T\u00e9touanais et des visiteurs de la ville, et ce gr\u00e2ce une programmation riche en activit\u00e9s culturelles et artistiques bien adapt\u00e9e \u00e0 cette p\u00e9riode festive et estivale. Des conf\u00e9rences et des rencontres scientifiques sont programm\u00e9es, lors de cet \u00e9v\u00e9nement, avec la participation d\u2019une pl\u00e9iade d\u2019universitaires, de chercheurs et d\u2019experts sp\u00e9cialistes du patrimoine et en restauration des monuments aux locaux de Dar Ben Jelloun, consid\u00e9r\u00e9 comme un fleuron de l\u2019architecture traditionnelle de l\u2019ancienne m\u00e9dina de T\u00e9touan. Et comme pr\u00e9vu, elles seront transmises virtuellement pour pouvoir en faire profiter au grand public marocain et \u00e9tranger. Parmi lesquelles, il y a lieu de citer une table ronde tenue sous le th\u00e8me \u00abLa participation de la soci\u00e9t\u00e9 civile dans le programme de r\u00e9habilitation du patrimoine et la pr\u00e9servation de la m\u00e9moire\u00bb.<\/p>\n<p><strong>Les rites et rituels du mariage traditionnel t\u00e9touanais<\/strong><\/p>\n<p>En plus des rencontres scientifiques, le public est invit\u00e9 \u00e0 d\u00e9couvrir les rites et rituels du mariage traditionnel, et ce \u00e0 travers l\u2019ancien trousseau mari\u00e9 avec des tenues traditionnelles de f\u00eate, dont la c\u00e9l\u00e8bre Cheda t\u00e9touanaise. Un espace a \u00e9t\u00e9 am\u00e9nag\u00e9 pour pr\u00e9senter les accessoires pour la pr\u00e9paration du th\u00e9, les g\u00e2teaux, \u2026 Le programme de cette semaine comporte des expositions des \u0153uvres d\u2019art des artistes-peintres de la r\u00e9gion, en l\u2019occurrence Riad Bouhlal, Lina Madina, Souad El Feky, Jamila Alaoui Mribtou et celle de la styliste t\u00e9touanaise Meriem El Mouden. Il s\u2019agit \u00e9galement des expositions des produits de l\u2019artisanat et du terroir, qui constituent un atout majeur pour le d\u00e9veloppement touristique de la r\u00e9gion.<\/p>\n<\/div>\n<p>Auteur: Najat Fa\u00efssal<br \/>\n<a href=\"https:\/\/aujourdhui.ma\/culture\/le-patrimoine-historique-et-architectural-mis-en-valeur\">Cliquez ici pour lire l&rsquo;article depuis sa source.<\/a><\/p>\n","protected":false},"excerpt":{"rendered":"<p>Le programme de cette semaine comporte des expositions des \u0153uvres d\u2019art des artistes-peintres de la r\u00e9gion, en l\u2019occurrence Riad Bouhlal, Lina Madina, Souad El Feky, Jamila Alaoui Mribtou et celle de la styliste t\u00e9touanaise Meriem El Mouden. La premi\u00e8re Semaine culturelle estivale de T\u00e9touan se poursuit jusqu\u2019au 20 ao\u00fbt, dans les plus importants sites intra-muros. [&hellip;]<\/p>\n","protected":false},"author":1759,"featured_media":0,"comment_status":"closed","ping_status":"closed","sticky":false,"template":"","format":"standard","meta":{"fifu_image_url":"https:\/\/aujourdhui.ma\/wp-content\/uploads\/2021\/08\/5-Une-partie-du-trousseau-de-la-marie\u0301e-300x153.jpg","fifu_image_alt":"Le patrimoine historique et architectural mis en valeur","footnotes":""},"categories":[73,54],"tags":[],"class_list":["post-124343","post","type-post","status-publish","format-standard","hentry","category-actualite","category-maroc"],"_links":{"self":[{"href":"https:\/\/linitiative.ca\/International\/wp-json\/wp\/v2\/posts\/124343","targetHints":{"allow":["GET"]}}],"collection":[{"href":"https:\/\/linitiative.ca\/International\/wp-json\/wp\/v2\/posts"}],"about":[{"href":"https:\/\/linitiative.ca\/International\/wp-json\/wp\/v2\/types\/post"}],"author":[{"embeddable":true,"href":"https:\/\/linitiative.ca\/International\/wp-json\/wp\/v2\/users\/1759"}],"replies":[{"embeddable":true,"href":"https:\/\/linitiative.ca\/International\/wp-json\/wp\/v2\/comments?post=124343"}],"version-history":[{"count":0,"href":"https:\/\/linitiative.ca\/International\/wp-json\/wp\/v2\/posts\/124343\/revisions"}],"wp:attachment":[{"href":"https:\/\/linitiative.ca\/International\/wp-json\/wp\/v2\/media?parent=124343"}],"wp:term":[{"taxonomy":"category","embeddable":true,"href":"https:\/\/linitiative.ca\/International\/wp-json\/wp\/v2\/categories?post=124343"},{"taxonomy":"post_tag","embeddable":true,"href":"https:\/\/linitiative.ca\/International\/wp-json\/wp\/v2\/tags?post=124343"}],"curies":[{"name":"wp","href":"https:\/\/api.w.org\/{rel}","templated":true}]}}