{"id":124347,"date":"2021-08-17T11:00:28","date_gmt":"2021-08-17T15:00:28","guid":{"rendered":"https:\/\/linitiative.ca\/International\/hicham-ibrahimi-il-est-temps-pour-moi-de-raconter-les-histoires-que-je-veux-a-ma-maniere\/"},"modified":"2021-08-17T11:00:28","modified_gmt":"2021-08-17T15:00:28","slug":"hicham-ibrahimi-il-est-temps-pour-moi-de-raconter-les-histoires-que-je-veux-a-ma-maniere","status":"publish","type":"post","link":"https:\/\/linitiative.ca\/International\/hicham-ibrahimi-il-est-temps-pour-moi-de-raconter-les-histoires-que-je-veux-a-ma-maniere\/","title":{"rendered":"Hicham Ibrahimi : \u00abIl est temps pour moi de raconter les histoires que je veux \u00e0 ma mani\u00e8re\u00bb"},"content":{"rendered":"<div>\n<p><img decoding=\"async\" width=\"300\" height=\"153\" src=\"https:\/\/linitiative.ca\/International\/wp-content\/uploads\/sites\/23\/2021\/08\/Hicham-Ibrahimi-300x153-1.jpg\" class=\"attachment-medium size-medium wp-post-image\" alt=\"\" loading=\"lazy\" srcset=\"\/\/aujourdhui.ma\/wp-content\/uploads\/2021\/08\/Hicham-Ibrahimi-300x153.jpg 300w, \/\/aujourdhui.ma\/wp-content\/uploads\/2021\/08\/Hicham-Ibrahimi-274x140.jpg 274w, \/\/aujourdhui.ma\/wp-content\/uploads\/2021\/08\/Hicham-Ibrahimi.jpg 746w, \/\/aujourdhui.ma\/wp-content\/uploads\/2021\/08\/Hicham-Ibrahimi-165x84.jpg 165w, \/\/aujourdhui.ma\/wp-content\/uploads\/2021\/08\/Hicham-Ibrahimi-702x358.jpg 702w\" sizes=\"auto, (max-width: 300px) 100vw, 300px\"><\/p>\n<p><strong>L\u2019acteur marocain Hicham Ibrahimi r\u00e9appara\u00eet sur les \u00e9crans. Il s\u2019exprime sur ce retour professionnel ainsi que sur son \u00e9clipse du cin\u00e9ma. L\u2019artiste, qui a des projets, d\u00e9taille sa d\u00e9marche artistique dans sa derni\u00e8re \u0153uvre \u00abAwal Kalam\u00bb et livre ses regards sur le th\u00e9\u00e2tre, ainsi que sur les \u0153uvres t\u00e9l\u00e9vis\u00e9es.<\/strong><span id=\"more-384191\"><\/span><\/p>\n<p><strong>ALM : Dans votre nouveau spectacle \u00abAwel Kalam\u00bb (Premi\u00e8re parole), vous avez rassembl\u00e9 diff\u00e9rents personnages et histoires dans la m\u00eame \u0153uvre. Pourquoi un tel choix ?<\/strong><br \/>\n<strong>Hicham Ibrahimi :<\/strong> A vrai dire, ce n\u2019\u00e9tait pas un choix. C\u2019est plut\u00f4t un module que fait l\u2019\u00e9cole nationale de cirque Shems\u2019y \u00e0 Sal\u00e9 pour ses \u00e9tudiants \u00e0 partir de la 2\u00e8me et 3\u00e8me ann\u00e9e avant la promotion de ses \u00e9tudiants. Ce module est appel\u00e9 \u00abAwel Kalam\u00bb. Chaque \u00e9tudiant a le droit de faire son propre num\u00e9ro qui dure sept minutes. Ce module est \u00e9galement obligatoire et il est chapeaut\u00e9 par un metteur en sc\u00e8ne externe. Jusqu\u2019\u00e0 maintenant, \u00e0 ma connaissance, ils n\u2019ont travaill\u00e9 qu\u2019avec des \u00e9trangers. C\u2019est la premi\u00e8re fois qu\u2019ils travaillent avec un metteur en sc\u00e8ne marocain. Donc l\u2019occasion s\u2019est pr\u00e9sent\u00e9e l\u2019an dernier apr\u00e8s le confinement. J\u2019ai fait ce module dans des conditions diff\u00e9rentes parce que les \u00e9tudiants n\u2019avaient pas pris assez de cours. C\u2019\u00e9tait quasiment une petite carte visite entre nous. Mais ce n\u2019\u00e9tait qu\u2019en cette ann\u00e9e que j\u2019ai commenc\u00e9 avec eux ce module en bonne et due forme depuis mars \u00e0 juin.<\/p>\n<p><strong>Et comment avez-vous travaill\u00e9 avec ces jeunes artistes ?<\/strong><br \/>\nDans cette mission, je suis un metteur en sc\u00e8ne accompagnateur pour les candidats qui \u00e9taient cette ann\u00e9e au nombre de dix. Chacun a une id\u00e9e et une sp\u00e9cialit\u00e9 dans son propre cirque. Donc, je m\u2019inspire de cette id\u00e9e que je d\u00e9veloppe avec l\u2019\u00e9tudiant jusqu\u2019\u00e0 parvenir \u00e0 un vrai num\u00e9ro expressif et qui est mis en sc\u00e8ne pour \u00eatre jou\u00e9 carr\u00e9ment le temps d\u2019un spectacle en sept minutes. Chacun a sa propre sp\u00e9cialit\u00e9 il y a qui a la roue Cyr, le trap\u00e8ze, le tissu, le jonglage, le clou, ou l\u2019\u00e9quilibre. Mais cela d\u00e9pend des candidats. Il y a ceux qui ne sont pas assez pr\u00eats. Donc le metteur en sc\u00e8ne peut les laisser pour l\u2019ann\u00e9e d\u2019apr\u00e8s. Pour ma part, j\u2019ai pris le d\u00e9fi de commencer et finir avec dix. Et \u00e7a s\u2019est bien pass\u00e9.<\/p>\n<p><strong>R\u00e9cemment, vous avez renou\u00e9 avec la t\u00e9l\u00e9. Qu\u2019en est-il du cin\u00e9ma ? Quel est le pr\u00e9texte qu\u2019on vous donne quand vous n\u2019y \u00eates pas sollicit\u00e9 ?<\/strong><br \/>\nD\u00e9j\u00e0, ma premi\u00e8re performance au Maroc \u00e9tait en cin\u00e9ma, comme acteur professionnel, dans \u00abKhouyoul El Had\u00bb (Les chevaux de la chance) de Jilali Ferhati en fin 1994, ann\u00e9e de ma promotion de l\u2019institut. Apr\u00e8s j\u2019ai travaill\u00e9 dans des films \u00e9trangers avec Monica Bellucci, Vincent Cassel, Catherine Deneuve, Tommy Lee Jones, William Friedkin, r\u00e9alisateur qui a d\u00e9j\u00e0 d\u00e9croch\u00e9 l\u2019oscar, des Italiens, des Fran\u00e7ais, des Allemands avec qui j\u2019ai fait quatre films et des longs-m\u00e9trages de marocains, notamment Hakim Noury dans \u00abAbbirou fi samt\u00bb (Exprimez-vous en silence, 1996), \u00abFiha lmelha wsekkar wmabghatch tmout\u00bb (Elle est diab\u00e9tique, hypertendue et elle refuse de crever I et II) et Jilali Ferhati dans \u00abDafaer\u00bb (Tresses), \u00abAli Zaoua\u00bb de Nabil Ayouch et dans de courts-m\u00e9trages. Quant au pr\u00e9texte, on ne m\u2019en pr\u00e9sente aucun. On ne m\u2019appelle pas et je ne sais pas pourquoi. C\u2019est frustrant surtout quand on est comp\u00e9tent. En tous cas, cette \u00e9clipse n\u2019\u00e9tait pas mon choix. Il n\u2019y a plus assez de propositions et parfois certaines ne sont pas \u00e0 la hauteur. C\u2019est pour cela qu\u2019il est temps pour moi de raconter, en tant que r\u00e9alisateur, les films et les histoires que je veux \u00e0 ma mani\u00e8re et selon mon propre angle. Cela a toujours \u00e9t\u00e9 mon r\u00eave. Depuis trois ans, j\u2019ai fait mes deux courts-m\u00e9trages. Je travaille sur le troisi\u00e8me pour bient\u00f4t outre un documentaire. Et si jamais l\u2019occasion se pr\u00e9sente, un long-m\u00e9trage serait le bienvenue aux c\u00f4t\u00e9s de mes performances en tant qu\u2019acteur en cin\u00e9ma. Je suis un com\u00e9dien et je veux le rester. Je veux jouer des r\u00f4les que j\u2019attends et que j\u2019esp\u00e8re \u00e0 la hauteur. Entre-temps, je suis enseignant depuis 26 ans et sportif \u00e0 la fois.<\/p>\n<p><strong>Qu\u2019en est-il de la t\u00e9l\u00e9 ?<\/strong><br \/>\nJ\u2019avais pris du recul parce qu\u2019\u00e0 un moment il n\u2019y avait plus de professionnalisme. Il y a un peu d\u2019anarchie dans le secteur puisque la chance n\u2019est pas parfois donn\u00e9e aux bonnes personnes. Mais j\u2019ai d\u00e9cid\u00e9 de revenir et j\u2019ai d\u2019autres projets dans ce sens.<\/p>\n<p><strong>Et quels sont vos crit\u00e8res pour participer \u00e0 une \u0153uvre ?<\/strong><br \/>\nLe professionnalisme. Par exemple, les deux \u0153uvres t\u00e9l\u00e9vis\u00e9es auxquelles j\u2019ai particip\u00e9 r\u00e9cemment ont des sc\u00e9narios et des staffs professionnels ainsi que de bonnes conditions de travail. J\u2019y ai travaill\u00e9 \u00e0 l\u2019aise et j\u2019ai beaucoup aim\u00e9.<\/p>\n<p><strong>Pourriez-vous nous donner une id\u00e9e de vos regards sur le th\u00e9\u00e2tre ?<\/strong><br \/>\nLa quantit\u00e9 a \u00e9volu\u00e9 mais la diffusion n\u2019est pas assez grande. Nous n\u2019avons pas de projet culturel au Maroc dans ce sens. Pour l\u2019heure, des pi\u00e8ces de jeunes artistes ont des visions mais les spectacles sont limit\u00e9s. Il faut qu\u2019une \u0153uvre passe du temps dans un th\u00e9\u00e2tre. En tout, nous avons une bonne qualit\u00e9 artistique pour le th\u00e9\u00e2tre voire le cin\u00e9ma. A la t\u00e9l\u00e9, nous avons des \u0153uvres \u00e0 la hauteur artistiquement et techniquement et une grande am\u00e9lioration mais il y a toujours un peu de parasites. Pour rappel, je suis le pr\u00e9sident fondateur de la ligue marocaine d\u2019impro avec des amis artistes. J\u2019ai travaill\u00e9 sur l\u2019image d\u2019impro au Maroc. En 92, en France l\u2019\u00e9quipe marocaine a repr\u00e9sent\u00e9 le pays dans un troph\u00e9e international de l\u2019impro. Depuis, je travaille dans ce domaine. Nous avons m\u00eame particip\u00e9 en Allemagne \u00e0 la Coupe du monde d\u2019impro en 2006. Nous avons fait deux spectacles avec la Compagnie du jour de France et Latefa Aherrare en 2009 ainsi que le r\u00e9alisateur Karim Troussi, et que nous avons jou\u00e9s ici.<\/p>\n<p><strong>Des projets en vue ?<\/strong><br \/>\nJe viens de r\u00e9aliser les deux courts-m\u00e9trages \u00abElectrochoc\u00bb et \u00abMort et vie\u00bb que j\u2019ai \u00e9crits. Ils ont eu beaucoup de succ\u00e8s \u00e0 l\u2019\u00e9tranger surtout dans plusieurs festivals europ\u00e9ens. J\u2019ai jou\u00e9 aussi un r\u00f4le principal du pervers narcissique dans le dernier court-m\u00e9trage \u00abLes larmes d\u2019une bougie\u00bb de Saloua Regragui, qui est ma femme. Ce film fait aussi le tour de festivals \u00e9trangers et a eu trois prix en Autriche, aux Etats-Unis et en Espagne. J\u2019ai \u00e9galement repris la personnification sur la t\u00e9l\u00e9 dans la s\u00e9rie \u00abSla W Slam\u00bb et \u00abSalamat Abou Lbanat\u00bb (saisons 2 et 3).<\/p>\n<\/div>\n<p>Auteur: Salima Guisser<br \/>\n<a href=\"https:\/\/aujourdhui.ma\/culture\/cinema\/hicham-ibrahimi-il-est-temps-pour-moi-de-raconter-les-histoires-que-je-veux-a-ma-maniere\">Cliquez ici pour lire l&rsquo;article depuis sa source.<\/a><\/p>\n","protected":false},"excerpt":{"rendered":"<p>L\u2019acteur marocain Hicham Ibrahimi r\u00e9appara\u00eet sur les \u00e9crans. Il s\u2019exprime sur ce retour professionnel ainsi que sur son \u00e9clipse du cin\u00e9ma. L\u2019artiste, qui a des projets, d\u00e9taille sa d\u00e9marche artistique dans sa derni\u00e8re \u0153uvre \u00abAwal Kalam\u00bb et livre ses regards sur le th\u00e9\u00e2tre, ainsi que sur les \u0153uvres t\u00e9l\u00e9vis\u00e9es. ALM : Dans votre nouveau spectacle [&hellip;]<\/p>\n","protected":false},"author":1759,"featured_media":0,"comment_status":"closed","ping_status":"closed","sticky":false,"template":"","format":"standard","meta":{"fifu_image_url":"https:\/\/aujourdhui.ma\/wp-content\/uploads\/2021\/08\/Hicham-Ibrahimi-300x153.jpg","fifu_image_alt":"Hicham Ibrahimi : \u00abIl est temps pour moi de raconter les histoires que je veux \u00e0 ma mani\u00e8re\u00bb","footnotes":""},"categories":[73,54],"tags":[],"class_list":["post-124347","post","type-post","status-publish","format-standard","hentry","category-actualite","category-maroc"],"_links":{"self":[{"href":"https:\/\/linitiative.ca\/International\/wp-json\/wp\/v2\/posts\/124347","targetHints":{"allow":["GET"]}}],"collection":[{"href":"https:\/\/linitiative.ca\/International\/wp-json\/wp\/v2\/posts"}],"about":[{"href":"https:\/\/linitiative.ca\/International\/wp-json\/wp\/v2\/types\/post"}],"author":[{"embeddable":true,"href":"https:\/\/linitiative.ca\/International\/wp-json\/wp\/v2\/users\/1759"}],"replies":[{"embeddable":true,"href":"https:\/\/linitiative.ca\/International\/wp-json\/wp\/v2\/comments?post=124347"}],"version-history":[{"count":0,"href":"https:\/\/linitiative.ca\/International\/wp-json\/wp\/v2\/posts\/124347\/revisions"}],"wp:attachment":[{"href":"https:\/\/linitiative.ca\/International\/wp-json\/wp\/v2\/media?parent=124347"}],"wp:term":[{"taxonomy":"category","embeddable":true,"href":"https:\/\/linitiative.ca\/International\/wp-json\/wp\/v2\/categories?post=124347"},{"taxonomy":"post_tag","embeddable":true,"href":"https:\/\/linitiative.ca\/International\/wp-json\/wp\/v2\/tags?post=124347"}],"curies":[{"name":"wp","href":"https:\/\/api.w.org\/{rel}","templated":true}]}}