{"id":124352,"date":"2021-08-17T07:07:00","date_gmt":"2021-08-17T11:07:00","guid":{"rendered":"https:\/\/linitiative.ca\/International\/le-pt-rappelle-que-seule-la-justice-est-habilitee-a-trancher-a-lissue-de-lenquete\/"},"modified":"2021-08-17T07:07:00","modified_gmt":"2021-08-17T11:07:00","slug":"le-pt-rappelle-que-seule-la-justice-est-habilitee-a-trancher-a-lissue-de-lenquete","status":"publish","type":"post","link":"https:\/\/linitiative.ca\/International\/le-pt-rappelle-que-seule-la-justice-est-habilitee-a-trancher-a-lissue-de-lenquete\/","title":{"rendered":"Le PT rappelle que \u00abseule la justice est habilit\u00e9e \u00e0 trancher \u00e0 l\u2019issue de l\u2019enqu\u00eate\u00bb"},"content":{"rendered":"<div>Le parti des travailleurs a consid\u00e9r\u00e9, ce mardi, que \u00ab la diffusion en direct par l\u2019ENTV (Entreprise nationale de t\u00e9l\u00e9vision) et les autres chaines de t\u00e9l\u00e9vision de vid\u00e9os  montrant des sc\u00e8nes atroces de l\u2019ex\u00e9cution du jeune Djamel Bensmail,<\/div>\n<p>Auteur:<br \/>\n<a href=\"https:\/\/www.liberte-algerie.com\/actualite\/le-pt-rappelle-que-seule-la-justice-est-habilitee-a-trancher-a-lissue-de-lenquete-363520\">Cliquez ici pour lire l&rsquo;article depuis sa source.<\/a><\/p>\n","protected":false},"excerpt":{"rendered":"<p>Le parti des travailleurs a consid\u00e9r\u00e9, ce mardi, que \u00ab la diffusion en direct par l\u2019ENTV (Entreprise nationale de t\u00e9l\u00e9vision) et les autres chaines de t\u00e9l\u00e9vision de vid\u00e9os montrant des sc\u00e8nes atroces de l\u2019ex\u00e9cution du jeune Djamel Bensmail, Auteur: Cliquez ici pour lire l&rsquo;article depuis sa source.<\/p>\n","protected":false},"author":1742,"featured_media":0,"comment_status":"closed","ping_status":"closed","sticky":false,"template":"","format":"standard","meta":{"fifu_image_url":"","fifu_image_alt":"","footnotes":""},"categories":[73,53],"tags":[],"class_list":["post-124352","post","type-post","status-publish","format-standard","hentry","category-actualite","category-algerie"],"_links":{"self":[{"href":"https:\/\/linitiative.ca\/International\/wp-json\/wp\/v2\/posts\/124352","targetHints":{"allow":["GET"]}}],"collection":[{"href":"https:\/\/linitiative.ca\/International\/wp-json\/wp\/v2\/posts"}],"about":[{"href":"https:\/\/linitiative.ca\/International\/wp-json\/wp\/v2\/types\/post"}],"author":[{"embeddable":true,"href":"https:\/\/linitiative.ca\/International\/wp-json\/wp\/v2\/users\/1742"}],"replies":[{"embeddable":true,"href":"https:\/\/linitiative.ca\/International\/wp-json\/wp\/v2\/comments?post=124352"}],"version-history":[{"count":0,"href":"https:\/\/linitiative.ca\/International\/wp-json\/wp\/v2\/posts\/124352\/revisions"}],"wp:attachment":[{"href":"https:\/\/linitiative.ca\/International\/wp-json\/wp\/v2\/media?parent=124352"}],"wp:term":[{"taxonomy":"category","embeddable":true,"href":"https:\/\/linitiative.ca\/International\/wp-json\/wp\/v2\/categories?post=124352"},{"taxonomy":"post_tag","embeddable":true,"href":"https:\/\/linitiative.ca\/International\/wp-json\/wp\/v2\/tags?post=124352"}],"curies":[{"name":"wp","href":"https:\/\/api.w.org\/{rel}","templated":true}]}}