{"id":124364,"date":"2021-08-17T08:38:29","date_gmt":"2021-08-17T12:38:29","guid":{"rendered":"https:\/\/linitiative.ca\/International\/covid-linquietude-saccentue-apres-la-hausse-des-cas-critiques\/"},"modified":"2021-08-17T08:38:29","modified_gmt":"2021-08-17T12:38:29","slug":"covid-linquietude-saccentue-apres-la-hausse-des-cas-critiques","status":"publish","type":"post","link":"https:\/\/linitiative.ca\/International\/covid-linquietude-saccentue-apres-la-hausse-des-cas-critiques\/","title":{"rendered":"Covid: L&rsquo;inqui\u00e9tude s&rsquo;accentue apr\u00e8s la hausse des cas critiques"},"content":{"rendered":"<div>\n<div class=\"field field-name-body field-type-text-with-summary field-label-hidden\">\n<div class=\"field-items\">\n<div class=\"field-item even\" property=\"content:encoded\">\n<p class=\"rtejustify\">Le nombre de cas de Covid-19 consid\u00e9r\u00e9s comme critiques a plus que doubl\u00e9 durant la derni\u00e8re quinzaine. Une situation qui accentue l&rsquo;inqui\u00e9tude du minist\u00e8re de la Sant\u00e9. Selon les donn\u00e9es de lundi 16 ao\u00fbt, le nombre de cas s\u00e9v\u00e8res est pass\u00e9 \u00e0 1.946, soit une augmentation de 126% sur la m\u00eame p\u00e9riode.\u00a0<\/p>\n<p class=\"rtejustify\">\u00a0Le minist\u00e8re de la Sant\u00e9 a exprim\u00e9, mardi, ses inqui\u00e9tudes face \u00e0 la hausse des cas critiques de Covid-19 au cours des deux derni\u00e8res semaines, une situation qui risque de favoriser \u00ab\u00a0une recrudescence du nombre de d\u00e9c\u00e8s\u00a0\u00bb.<\/p>\n<\/div>\n<\/div>\n<\/div>\n<\/div>\n<p>Auteur: hgueye<br \/>\n<a href=\"https:\/\/www.leconomiste.com\/flash-infos\/covid-l-inquietude-s-accentue-apres-la-hausse-des-cas-critiques\">Cliquez ici pour lire l&rsquo;article depuis sa source.<\/a><\/p>\n","protected":false},"excerpt":{"rendered":"<p>Le nombre de cas de Covid-19 consid\u00e9r\u00e9s comme critiques a plus que doubl\u00e9 durant la derni\u00e8re quinzaine. Une situation qui accentue l&rsquo;inqui\u00e9tude du minist\u00e8re de la Sant\u00e9. Selon les donn\u00e9es de lundi 16 ao\u00fbt, le nombre de cas s\u00e9v\u00e8res est pass\u00e9 \u00e0 1.946, soit une augmentation de 126% sur la m\u00eame p\u00e9riode.\u00a0 \u00a0Le minist\u00e8re de [&hellip;]<\/p>\n","protected":false},"author":1763,"featured_media":0,"comment_status":"closed","ping_status":"closed","sticky":false,"template":"","format":"standard","meta":{"fifu_image_url":"","fifu_image_alt":"","footnotes":""},"categories":[78,54],"tags":[],"class_list":["post-124364","post","type-post","status-publish","format-standard","hentry","category-economie","category-maroc"],"_links":{"self":[{"href":"https:\/\/linitiative.ca\/International\/wp-json\/wp\/v2\/posts\/124364","targetHints":{"allow":["GET"]}}],"collection":[{"href":"https:\/\/linitiative.ca\/International\/wp-json\/wp\/v2\/posts"}],"about":[{"href":"https:\/\/linitiative.ca\/International\/wp-json\/wp\/v2\/types\/post"}],"author":[{"embeddable":true,"href":"https:\/\/linitiative.ca\/International\/wp-json\/wp\/v2\/users\/1763"}],"replies":[{"embeddable":true,"href":"https:\/\/linitiative.ca\/International\/wp-json\/wp\/v2\/comments?post=124364"}],"version-history":[{"count":0,"href":"https:\/\/linitiative.ca\/International\/wp-json\/wp\/v2\/posts\/124364\/revisions"}],"wp:attachment":[{"href":"https:\/\/linitiative.ca\/International\/wp-json\/wp\/v2\/media?parent=124364"}],"wp:term":[{"taxonomy":"category","embeddable":true,"href":"https:\/\/linitiative.ca\/International\/wp-json\/wp\/v2\/categories?post=124364"},{"taxonomy":"post_tag","embeddable":true,"href":"https:\/\/linitiative.ca\/International\/wp-json\/wp\/v2\/tags?post=124364"}],"curies":[{"name":"wp","href":"https:\/\/api.w.org\/{rel}","templated":true}]}}