{"id":124366,"date":"2021-08-17T11:35:59","date_gmt":"2021-08-17T15:35:59","guid":{"rendered":"https:\/\/linitiative.ca\/International\/etisalat-group-se-renforce-dans-maroc-telecom\/"},"modified":"2021-08-17T11:35:59","modified_gmt":"2021-08-17T15:35:59","slug":"etisalat-group-se-renforce-dans-maroc-telecom","status":"publish","type":"post","link":"https:\/\/linitiative.ca\/International\/etisalat-group-se-renforce-dans-maroc-telecom\/","title":{"rendered":"Etisalat Group se renforce dans Maroc Telecom"},"content":{"rendered":"<div>\n<div class=\"field field-name-body field-type-text-with-summary field-label-hidden\">\n<div class=\"field-items\">\n<div class=\"field-item even\" property=\"content:encoded\">\n<p class=\"rtejustify\">Le groupe \u00e9mirati Etisalat a annonc\u00e9 ce mardi\u00a0la signature d\u2019un accord pour acqu\u00e9rir une participation suppl\u00e9mentaire dans le groupe Maroc Telecom. Cet accord, conclu avec le Fonds d\u2019Abu Dhabi pour le d\u00e9veloppement (ADFD), permet \u00e0 Etisalat d\u2019acqu\u00e9rir une participation dans Etisalat Investment North Africa LLC (EINA) \u00e0 hauteur de 8,7 %, portant ainsi la participation globale du groupe Etisalat \u00e0 100%.<\/p>\n<\/div>\n<\/div>\n<\/div>\n<\/div>\n<p>Auteur: hgueye<br \/>\n<a href=\"https:\/\/www.leconomiste.com\/flash-infos\/etisalat-group-se-renforce-dans-maroc-telecom\">Cliquez ici pour lire l&rsquo;article depuis sa source.<\/a><\/p>\n","protected":false},"excerpt":{"rendered":"<p>Le groupe \u00e9mirati Etisalat a annonc\u00e9 ce mardi\u00a0la signature d\u2019un accord pour acqu\u00e9rir une participation suppl\u00e9mentaire dans le groupe Maroc Telecom. Cet accord, conclu avec le Fonds d\u2019Abu Dhabi pour le d\u00e9veloppement (ADFD), permet \u00e0 Etisalat d\u2019acqu\u00e9rir une participation dans Etisalat Investment North Africa LLC (EINA) \u00e0 hauteur de 8,7 %, portant ainsi la participation [&hellip;]<\/p>\n","protected":false},"author":1763,"featured_media":0,"comment_status":"closed","ping_status":"closed","sticky":false,"template":"","format":"standard","meta":{"fifu_image_url":"","fifu_image_alt":"","footnotes":""},"categories":[78,54],"tags":[],"class_list":["post-124366","post","type-post","status-publish","format-standard","hentry","category-economie","category-maroc"],"_links":{"self":[{"href":"https:\/\/linitiative.ca\/International\/wp-json\/wp\/v2\/posts\/124366","targetHints":{"allow":["GET"]}}],"collection":[{"href":"https:\/\/linitiative.ca\/International\/wp-json\/wp\/v2\/posts"}],"about":[{"href":"https:\/\/linitiative.ca\/International\/wp-json\/wp\/v2\/types\/post"}],"author":[{"embeddable":true,"href":"https:\/\/linitiative.ca\/International\/wp-json\/wp\/v2\/users\/1763"}],"replies":[{"embeddable":true,"href":"https:\/\/linitiative.ca\/International\/wp-json\/wp\/v2\/comments?post=124366"}],"version-history":[{"count":0,"href":"https:\/\/linitiative.ca\/International\/wp-json\/wp\/v2\/posts\/124366\/revisions"}],"wp:attachment":[{"href":"https:\/\/linitiative.ca\/International\/wp-json\/wp\/v2\/media?parent=124366"}],"wp:term":[{"taxonomy":"category","embeddable":true,"href":"https:\/\/linitiative.ca\/International\/wp-json\/wp\/v2\/categories?post=124366"},{"taxonomy":"post_tag","embeddable":true,"href":"https:\/\/linitiative.ca\/International\/wp-json\/wp\/v2\/tags?post=124366"}],"curies":[{"name":"wp","href":"https:\/\/api.w.org\/{rel}","templated":true}]}}