{"id":124367,"date":"2021-08-17T11:53:12","date_gmt":"2021-08-17T15:53:12","guid":{"rendered":"https:\/\/linitiative.ca\/International\/tanger-un-francais-recherche-pour-tentative-dhomicide-volontaire-arrete\/"},"modified":"2021-08-17T11:53:12","modified_gmt":"2021-08-17T15:53:12","slug":"tanger-un-francais-recherche-pour-tentative-dhomicide-volontaire-arrete","status":"publish","type":"post","link":"https:\/\/linitiative.ca\/International\/tanger-un-francais-recherche-pour-tentative-dhomicide-volontaire-arrete\/","title":{"rendered":"Tanger: Un Fran\u00e7ais recherch\u00e9 pour tentative d&rsquo;homicide volontaire arr\u00eat\u00e9"},"content":{"rendered":"<div>\n<div class=\"field field-name-body field-type-text-with-summary field-label-hidden\">\n<div class=\"field-items\">\n<div class=\"field-item even\" property=\"content:encoded\">\n<p class=\"rtejustify\">Un Fran\u00e7ais recherch\u00e9 par Interpol pour tentative d&rsquo;homicide volontaire a \u00e9t\u00e9 arr\u00eat\u00e9 mardi \u00e0 Tanger, indique la DGSN. Cette arrestation a \u00e9t\u00e9 r\u00e9alis\u00e9e ce matin par les \u00e9l\u00e9ments de police relevant de la pr\u00e9fecture de police de Tanger.<\/p>\n<\/div>\n<\/div>\n<\/div>\n<\/div>\n<p>Auteur: hgueye<br \/>\n<a href=\"https:\/\/www.leconomiste.com\/flash-infos\/tanger-un-francais-recherche-pour-tentative-d-homicide-volontaire-arrete\">Cliquez ici pour lire l&rsquo;article depuis sa source.<\/a><\/p>\n","protected":false},"excerpt":{"rendered":"<p>Un Fran\u00e7ais recherch\u00e9 par Interpol pour tentative d&rsquo;homicide volontaire a \u00e9t\u00e9 arr\u00eat\u00e9 mardi \u00e0 Tanger, indique la DGSN. Cette arrestation a \u00e9t\u00e9 r\u00e9alis\u00e9e ce matin par les \u00e9l\u00e9ments de police relevant de la pr\u00e9fecture de police de Tanger. Auteur: hgueye Cliquez ici pour lire l&rsquo;article depuis sa source.<\/p>\n","protected":false},"author":1763,"featured_media":0,"comment_status":"closed","ping_status":"closed","sticky":false,"template":"","format":"standard","meta":{"fifu_image_url":"","fifu_image_alt":"","footnotes":""},"categories":[78,54],"tags":[],"class_list":["post-124367","post","type-post","status-publish","format-standard","hentry","category-economie","category-maroc"],"_links":{"self":[{"href":"https:\/\/linitiative.ca\/International\/wp-json\/wp\/v2\/posts\/124367","targetHints":{"allow":["GET"]}}],"collection":[{"href":"https:\/\/linitiative.ca\/International\/wp-json\/wp\/v2\/posts"}],"about":[{"href":"https:\/\/linitiative.ca\/International\/wp-json\/wp\/v2\/types\/post"}],"author":[{"embeddable":true,"href":"https:\/\/linitiative.ca\/International\/wp-json\/wp\/v2\/users\/1763"}],"replies":[{"embeddable":true,"href":"https:\/\/linitiative.ca\/International\/wp-json\/wp\/v2\/comments?post=124367"}],"version-history":[{"count":0,"href":"https:\/\/linitiative.ca\/International\/wp-json\/wp\/v2\/posts\/124367\/revisions"}],"wp:attachment":[{"href":"https:\/\/linitiative.ca\/International\/wp-json\/wp\/v2\/media?parent=124367"}],"wp:term":[{"taxonomy":"category","embeddable":true,"href":"https:\/\/linitiative.ca\/International\/wp-json\/wp\/v2\/categories?post=124367"},{"taxonomy":"post_tag","embeddable":true,"href":"https:\/\/linitiative.ca\/International\/wp-json\/wp\/v2\/tags?post=124367"}],"curies":[{"name":"wp","href":"https:\/\/api.w.org\/{rel}","templated":true}]}}