{"id":124369,"date":"2021-08-17T07:18:00","date_gmt":"2021-08-17T11:18:00","guid":{"rendered":"https:\/\/linitiative.ca\/International\/un-troisieme-club-de-ligue-1-francaise-espere-recruter-ferhat\/"},"modified":"2021-08-17T07:18:00","modified_gmt":"2021-08-17T11:18:00","slug":"un-troisieme-club-de-ligue-1-francaise-espere-recruter-ferhat","status":"publish","type":"post","link":"https:\/\/linitiative.ca\/International\/un-troisieme-club-de-ligue-1-francaise-espere-recruter-ferhat\/","title":{"rendered":"Un troisi\u00e8me club de Ligue 1 fran\u00e7aise esp\u00e8re recruter Ferhat"},"content":{"rendered":"<div>Selon les informations de RMC Sport, Strasbourg esp\u00e8rerait recruter Zin\u00e9dine Ferhat en provenance du N\u00eemes Olympique<img loading=\"lazy\" decoding=\"async\" src=\"http:\/\/feeds.feedburner.com\/~r\/GalerieFArtciles\/~4\/-UjkoxURsiw\" height=\"1\" width=\"1\" alt=\"\"><\/div>\n<p>Auteur:<br \/>\n<a href=\"http:\/\/www.lebuteur.com\/article\/detail?titre=un-troisieme-club-de-ligue-1-francaise-espere-recruter-ferhat&#038;id=100862&#038;utm_source=feedburner&#038;utm_medium=feed&#038;utm_campaign=Feed%3A+GalerieFArtciles+%28Les+derniers+articles++-+lebuteur.com%29\">Cliquez ici pour lire l&rsquo;article depuis sa source.<\/a><\/p>\n","protected":false},"excerpt":{"rendered":"<p>Selon les informations de RMC Sport, Strasbourg esp\u00e8rerait recruter Zin\u00e9dine Ferhat en provenance du N\u00eemes Olympique Auteur: Cliquez ici pour lire l&rsquo;article depuis sa source.<\/p>\n","protected":false},"author":1738,"featured_media":0,"comment_status":"closed","ping_status":"closed","sticky":false,"template":"","format":"standard","meta":{"fifu_image_url":"http:\/\/feeds.feedburner.com\/~r\/GalerieFArtciles\/~4\/-UjkoxURsiw","fifu_image_alt":"Un troisi\u00e8me club de Ligue 1 fran\u00e7aise esp\u00e8re recruter Ferhat","footnotes":""},"categories":[53,75],"tags":[],"class_list":["post-124369","post","type-post","status-publish","format-standard","hentry","category-algerie","category-sport"],"_links":{"self":[{"href":"https:\/\/linitiative.ca\/International\/wp-json\/wp\/v2\/posts\/124369","targetHints":{"allow":["GET"]}}],"collection":[{"href":"https:\/\/linitiative.ca\/International\/wp-json\/wp\/v2\/posts"}],"about":[{"href":"https:\/\/linitiative.ca\/International\/wp-json\/wp\/v2\/types\/post"}],"author":[{"embeddable":true,"href":"https:\/\/linitiative.ca\/International\/wp-json\/wp\/v2\/users\/1738"}],"replies":[{"embeddable":true,"href":"https:\/\/linitiative.ca\/International\/wp-json\/wp\/v2\/comments?post=124369"}],"version-history":[{"count":0,"href":"https:\/\/linitiative.ca\/International\/wp-json\/wp\/v2\/posts\/124369\/revisions"}],"wp:attachment":[{"href":"https:\/\/linitiative.ca\/International\/wp-json\/wp\/v2\/media?parent=124369"}],"wp:term":[{"taxonomy":"category","embeddable":true,"href":"https:\/\/linitiative.ca\/International\/wp-json\/wp\/v2\/categories?post=124369"},{"taxonomy":"post_tag","embeddable":true,"href":"https:\/\/linitiative.ca\/International\/wp-json\/wp\/v2\/tags?post=124369"}],"curies":[{"name":"wp","href":"https:\/\/api.w.org\/{rel}","templated":true}]}}