{"id":124374,"date":"2021-08-17T06:38:09","date_gmt":"2021-08-17T10:38:09","guid":{"rendered":"https:\/\/linitiative.ca\/International\/incendies-de-foret-lindemnisation-des-victimes-sera-t-elle-acceleree\/"},"modified":"2021-08-17T06:38:09","modified_gmt":"2021-08-17T10:38:09","slug":"incendies-de-foret-lindemnisation-des-victimes-sera-t-elle-acceleree","status":"publish","type":"post","link":"https:\/\/linitiative.ca\/International\/incendies-de-foret-lindemnisation-des-victimes-sera-t-elle-acceleree\/","title":{"rendered":"Incendies de for\u00eat : L\u2019indemnisation des victimes sera-t-elle acc\u00e9l\u00e9r\u00e9e\u00a0?"},"content":{"rendered":"<div>\n<div class=\"sriret\"><img decoding=\"async\" src=\"https:\/\/linitiative.ca\/International\/wp-content\/uploads\/sites\/23\/2021\/08\/default-picture-709x366_c-32.jpg\"><\/div>\n<p>Les feux de for\u00eat qui ont ravag\u00e9 plusieurs r\u00e9gions du pays et principalement la Kabylie ont \u00e9t\u00e9 d\u2019une extr\u00eame violence, touchant les populations dans leur chair avec de nombreuses victimes.<\/p>\n<p>C\u2019est aussi un drame humain et environnemental qui s\u2019est d\u00e9roul\u00e9 sous leurs yeux. Le destin est cruel : en quelques jours, des centaines de maisons ont \u00e9t\u00e9 d\u00e9vast\u00e9es. Quelquefois, il faudra repartir de z\u00e9ro. Catastrophe \u00e9cologique, danger pour les vies humaines, destruction des biens sont les cons\u00e9quences des incendies de for\u00eat bien connues du grand public. Une cons\u00e9quence est moins connue : la perte \u00e9conomique d\u2019un patrimoine ou d\u2019un outil de travail. Lors des grands incendies, il arrive fr\u00e9quemment que de nombreuses maisons soient menac\u00e9es simultan\u00e9ment par les flammes. Les services de secours ne disposent pas forc\u00e9ment de moyens de lutte suffisants pour prot\u00e9ger chacune d\u2019elles.<\/p>\n<p>*Retrouvez l\u2019int\u00e9gralit\u00e9 de nos articles sur la version papier<\/p>\n<p>L\u2019article <a rel=\"nofollow\" href=\"https:\/\/www.elwatan.com\/edition\/actualite\/incendies-de-foret-lindemnisation-des-victimes-sera-t-elle-acceleree-17-08-2021\">Incendies de for\u00eat : L\u2019indemnisation des victimes sera-t-elle acc\u00e9l\u00e9r\u00e9e\u00a0?<\/a> est apparu en premier sur <a rel=\"nofollow\" href=\"https:\/\/www.elwatan.com\/\">El Watan<\/a>.<\/p>\n<\/div>\n<p>Auteur: Hicham Chouadria<br \/>\n<a href=\"https:\/\/www.elwatan.com\/edition\/actualite\/incendies-de-foret-lindemnisation-des-victimes-sera-t-elle-acceleree-17-08-2021\">Cliquez ici pour lire l&rsquo;article depuis sa source.<\/a><\/p>\n","protected":false},"excerpt":{"rendered":"<p>Les feux de for\u00eat qui ont ravag\u00e9 plusieurs r\u00e9gions du pays et principalement la Kabylie ont \u00e9t\u00e9 d\u2019une extr\u00eame violence, touchant les populations dans leur chair avec de nombreuses victimes. C\u2019est aussi un drame humain et environnemental qui s\u2019est d\u00e9roul\u00e9 sous leurs yeux. Le destin est cruel : en quelques jours, des centaines de maisons [&hellip;]<\/p>\n","protected":false},"author":1743,"featured_media":0,"comment_status":"closed","ping_status":"closed","sticky":false,"template":"","format":"standard","meta":{"fifu_image_url":"https:\/\/www.elwatan.com\/wp-content\/themes\/spectr\/img\/default-picture-709x366_c.jpg","fifu_image_alt":"Incendies de for\u00eat : L\u2019indemnisation des victimes sera-t-elle acc\u00e9l\u00e9r\u00e9e\u00a0?","footnotes":""},"categories":[73,53],"tags":[],"class_list":["post-124374","post","type-post","status-publish","format-standard","hentry","category-actualite","category-algerie"],"_links":{"self":[{"href":"https:\/\/linitiative.ca\/International\/wp-json\/wp\/v2\/posts\/124374","targetHints":{"allow":["GET"]}}],"collection":[{"href":"https:\/\/linitiative.ca\/International\/wp-json\/wp\/v2\/posts"}],"about":[{"href":"https:\/\/linitiative.ca\/International\/wp-json\/wp\/v2\/types\/post"}],"author":[{"embeddable":true,"href":"https:\/\/linitiative.ca\/International\/wp-json\/wp\/v2\/users\/1743"}],"replies":[{"embeddable":true,"href":"https:\/\/linitiative.ca\/International\/wp-json\/wp\/v2\/comments?post=124374"}],"version-history":[{"count":0,"href":"https:\/\/linitiative.ca\/International\/wp-json\/wp\/v2\/posts\/124374\/revisions"}],"wp:attachment":[{"href":"https:\/\/linitiative.ca\/International\/wp-json\/wp\/v2\/media?parent=124374"}],"wp:term":[{"taxonomy":"category","embeddable":true,"href":"https:\/\/linitiative.ca\/International\/wp-json\/wp\/v2\/categories?post=124374"},{"taxonomy":"post_tag","embeddable":true,"href":"https:\/\/linitiative.ca\/International\/wp-json\/wp\/v2\/tags?post=124374"}],"curies":[{"name":"wp","href":"https:\/\/api.w.org\/{rel}","templated":true}]}}