{"id":124376,"date":"2021-08-17T06:40:07","date_gmt":"2021-08-17T10:40:07","guid":{"rendered":"https:\/\/linitiative.ca\/International\/une-commission-a-ete-installee-hier-par-la-presidence-lurgente-mission-devaluation-et-indemnisation-des-sinistres\/"},"modified":"2021-08-17T06:40:07","modified_gmt":"2021-08-17T10:40:07","slug":"une-commission-a-ete-installee-hier-par-la-presidence-lurgente-mission-devaluation-et-indemnisation-des-sinistres","status":"publish","type":"post","link":"https:\/\/linitiative.ca\/International\/une-commission-a-ete-installee-hier-par-la-presidence-lurgente-mission-devaluation-et-indemnisation-des-sinistres\/","title":{"rendered":"Une commission a \u00e9t\u00e9 install\u00e9e hier par la pr\u00e9sidence : L\u2019urgente mission d\u2019\u00e9valuation et indemnisation des sinistr\u00e9s"},"content":{"rendered":"<div>\n<div class=\"sriret\"><img decoding=\"async\" src=\"https:\/\/linitiative.ca\/International\/wp-content\/uploads\/sites\/23\/2021\/08\/default-picture-709x366_c-33.jpg\"><\/div>\n<p>L\u2019Ex\u00e9cutif va se pencher sur l\u2019\u00ab\u00e9valuation et l\u2019indemnisation des sinistr\u00e9s des feux de for\u00eat\u00bb qui ont touch\u00e9 plusieurs r\u00e9gions du pays, notamment Tizi Ouzou, wilaya qui a enregistr\u00e9 le plus de d\u00e9g\u00e2ts.<\/p>\n<p>Selon un communiqu\u00e9 de la pr\u00e9sidence de la R\u00e9publique, \u00abAbdelmadjid Tebboune a proc\u00e9d\u00e9 lundi 16 ao\u00fbt (hier, ndlr) \u00e0 l\u2019installation de la Commission nationale d\u2019\u00e9valuation et d\u2019indemnisation des sinistr\u00e9s des feux de for\u00eat qu\u2019ont connus plusieurs wilayas\u00bb. \u00abLe Pr\u00e9sident a donn\u00e9 des instructions fermes aux membres de la Commission pour coordonner leur travail avec tous les secteurs et les commissions de wilaya pr\u00e9sid\u00e9es par les walis et proc\u00e9der dans l\u2019imm\u00e9diat \u00e0 l\u2019indemnisation des sinistr\u00e9s\u00bb, ajoute la m\u00eame source.<\/p>\n<p>*Retrouvez l\u2019int\u00e9gralit\u00e9 de nos articles sur la version papier<\/p>\n<p>L\u2019article <a rel=\"nofollow\" href=\"https:\/\/www.elwatan.com\/a-la-une\/une-commission-a-ete-installee-hier-par-la-presidence-lurgente-mission-devaluation-et-indemnisation-des-sinistres-17-08-2021\">Une commission a \u00e9t\u00e9 install\u00e9e hier par la pr\u00e9sidence : L\u2019urgente mission d\u2019\u00e9valuation et indemnisation des sinistr\u00e9s<\/a> est apparu en premier sur <a rel=\"nofollow\" href=\"https:\/\/www.elwatan.com\/\">El Watan<\/a>.<\/p>\n<\/div>\n<p>Auteur: Hicham Chouadria<br \/>\n<a href=\"https:\/\/www.elwatan.com\/a-la-une\/une-commission-a-ete-installee-hier-par-la-presidence-lurgente-mission-devaluation-et-indemnisation-des-sinistres-17-08-2021\">Cliquez ici pour lire l&rsquo;article depuis sa source.<\/a><\/p>\n","protected":false},"excerpt":{"rendered":"<p>L\u2019Ex\u00e9cutif va se pencher sur l\u2019\u00ab\u00e9valuation et l\u2019indemnisation des sinistr\u00e9s des feux de for\u00eat\u00bb qui ont touch\u00e9 plusieurs r\u00e9gions du pays, notamment Tizi Ouzou, wilaya qui a enregistr\u00e9 le plus de d\u00e9g\u00e2ts. Selon un communiqu\u00e9 de la pr\u00e9sidence de la R\u00e9publique, \u00abAbdelmadjid Tebboune a proc\u00e9d\u00e9 lundi 16 ao\u00fbt (hier, ndlr) \u00e0 l\u2019installation de la Commission [&hellip;]<\/p>\n","protected":false},"author":1743,"featured_media":0,"comment_status":"closed","ping_status":"closed","sticky":false,"template":"","format":"standard","meta":{"fifu_image_url":"https:\/\/www.elwatan.com\/wp-content\/themes\/spectr\/img\/default-picture-709x366_c.jpg","fifu_image_alt":"Une commission a \u00e9t\u00e9 install\u00e9e hier par la pr\u00e9sidence : L\u2019urgente mission d\u2019\u00e9valuation et indemnisation des sinistr\u00e9s","footnotes":""},"categories":[73,53],"tags":[],"class_list":["post-124376","post","type-post","status-publish","format-standard","hentry","category-actualite","category-algerie"],"_links":{"self":[{"href":"https:\/\/linitiative.ca\/International\/wp-json\/wp\/v2\/posts\/124376","targetHints":{"allow":["GET"]}}],"collection":[{"href":"https:\/\/linitiative.ca\/International\/wp-json\/wp\/v2\/posts"}],"about":[{"href":"https:\/\/linitiative.ca\/International\/wp-json\/wp\/v2\/types\/post"}],"author":[{"embeddable":true,"href":"https:\/\/linitiative.ca\/International\/wp-json\/wp\/v2\/users\/1743"}],"replies":[{"embeddable":true,"href":"https:\/\/linitiative.ca\/International\/wp-json\/wp\/v2\/comments?post=124376"}],"version-history":[{"count":0,"href":"https:\/\/linitiative.ca\/International\/wp-json\/wp\/v2\/posts\/124376\/revisions"}],"wp:attachment":[{"href":"https:\/\/linitiative.ca\/International\/wp-json\/wp\/v2\/media?parent=124376"}],"wp:term":[{"taxonomy":"category","embeddable":true,"href":"https:\/\/linitiative.ca\/International\/wp-json\/wp\/v2\/categories?post=124376"},{"taxonomy":"post_tag","embeddable":true,"href":"https:\/\/linitiative.ca\/International\/wp-json\/wp\/v2\/tags?post=124376"}],"curies":[{"name":"wp","href":"https:\/\/api.w.org\/{rel}","templated":true}]}}