{"id":124378,"date":"2021-08-17T08:32:35","date_gmt":"2021-08-17T12:32:35","guid":{"rendered":"https:\/\/linitiative.ca\/International\/protection-civile-extinction-de-27-feux-de-forets-dans-12-wilayas-au-cours-des-dernieres-24-heures\/"},"modified":"2021-08-17T08:32:35","modified_gmt":"2021-08-17T12:32:35","slug":"protection-civile-extinction-de-27-feux-de-forets-dans-12-wilayas-au-cours-des-dernieres-24-heures","status":"publish","type":"post","link":"https:\/\/linitiative.ca\/International\/protection-civile-extinction-de-27-feux-de-forets-dans-12-wilayas-au-cours-des-dernieres-24-heures\/","title":{"rendered":"Protection civile : Extinction de 27 feux de for\u00eats dans 12 wilayas au cours des derni\u00e8res 24 heures"},"content":{"rendered":"<div>\n<div class=\"sriret\"><img loading=\"lazy\" decoding=\"async\" width=\"871\" height=\"594\" src=\"https:\/\/linitiative.ca\/International\/wp-content\/uploads\/sites\/23\/2021\/08\/Lun-des-foyers-dincendie-aCC80-Tizi-Ouzou-Ph-DR.jpg\" class=\"attachment-featured_large size-featured_large wp-post-image\" alt=\"\" style=\"margin-bottom: 15px;\" srcset=\"https:\/\/linitiative.ca\/International\/wp-content\/uploads\/sites\/23\/2021\/08\/Lun-des-foyers-dincendie-aCC80-Tizi-Ouzou-Ph-DR.jpg 871w, https:\/\/www.elwatan.com\/wp-content\/uploads\/2021\/08\/Lun-des-foyers-dincendie-a\u0300-Tizi-Ouzou-Ph-DR-300x205.jpg 300w, https:\/\/www.elwatan.com\/wp-content\/uploads\/2021\/08\/Lun-des-foyers-dincendie-a\u0300-Tizi-Ouzou-Ph-DR-768x524.jpg 768w\" sizes=\"auto, (max-width: 871px) 100vw, 871px\"><\/div>\n<p>Les unit\u00e9s de la Protection civile ont r\u00e9ussi \u00e0 \u00e9teindre 27 feux de for\u00eats dans douze (12) wilayas au cours des derni\u00e8res 24 heures, a indiqu\u00e9 mardi 17 ao\u00fbt un communiqu\u00e9 de la Direction g\u00e9n\u00e9rale de la Protection civile.<\/p>\n<p>Les unit\u00e9s de la Protection civile ont r\u00e9ussi, au cours des derni\u00e8res 24 heures (16-17 ao\u00fbt), \u00e0 \u00e9teindre 27 feux de for\u00eats dans douze (12) wilayas, dont treize (13) \u00e0 Beja\u00efa, trois (3) \u00e0 Jijel, deux (02) \u00e0 Guelma et un (1) incendie dans chacune des wilayas de Tizi Ouzou, Batna, Tipasa, Souk Ahras, Skikda, M\u00e9d\u00e9a, Boumerdes, Annaba et S\u00e9tif, a pr\u00e9cis\u00e9 la m\u00eame source. Les \u00e9quipes de la Protection civile, accompagn\u00e9es par les services sp\u00e9cialis\u00e9s, poursuivent les op\u00e9rations d\u2019extinction de huit (8) incendies au niveau de cinq (5) wilayas, dont trois (3) \u00e0 Jijel, deux (2) \u00e0 A\u00efn Defla et un (1) incendie dans chacune des wilayas de Khenchla, Beja\u00efa et S\u00e9tif. Soutenues par les colonnes mobiles et le Groupement a\u00e9rien de la Protection civile, les \u00e9quipes restent mobilis\u00e9es sur le terrain pour venir \u00e0 bout de tous les feux de for\u00eat \u00e0 travers le territoire national.<\/p>\n<p style=\"text-align: right;\">APS<\/p>\n<p>L\u2019article <a rel=\"nofollow\" href=\"https:\/\/www.elwatan.com\/edition\/actualite\/protection-civile-extinction-de-27-feux-de-forets-dans-12-wilayas-au-cours-des-dernieres-24-heures-17-08-2021\">Protection civile : Extinction de 27 feux de for\u00eats dans 12 wilayas au cours des derni\u00e8res 24 heures<\/a> est apparu en premier sur <a rel=\"nofollow\" href=\"https:\/\/www.elwatan.com\/\">El Watan<\/a>.<\/p>\n<\/div>\n<p>Auteur: Mohand Yahiaoui<br \/>\n<a href=\"https:\/\/www.elwatan.com\/edition\/actualite\/protection-civile-extinction-de-27-feux-de-forets-dans-12-wilayas-au-cours-des-dernieres-24-heures-17-08-2021\">Cliquez ici pour lire l&rsquo;article depuis sa source.<\/a><\/p>\n","protected":false},"excerpt":{"rendered":"<p>Les unit\u00e9s de la Protection civile ont r\u00e9ussi \u00e0 \u00e9teindre 27 feux de for\u00eats dans douze (12) wilayas au cours des derni\u00e8res 24 heures, a indiqu\u00e9 mardi 17 ao\u00fbt un communiqu\u00e9 de la Direction g\u00e9n\u00e9rale de la Protection civile. Les unit\u00e9s de la Protection civile ont r\u00e9ussi, au cours des derni\u00e8res 24 heures (16-17 ao\u00fbt), [&hellip;]<\/p>\n","protected":false},"author":1743,"featured_media":0,"comment_status":"closed","ping_status":"closed","sticky":false,"template":"","format":"standard","meta":{"fifu_image_url":"https:\/\/www.elwatan.com\/wp-content\/uploads\/2021\/08\/Lun-des-foyers-dincendie-a\u0300-Tizi-Ouzou-Ph-DR.jpg","fifu_image_alt":"Protection civile : Extinction de 27 feux de for\u00eats dans 12 wilayas au cours des derni\u00e8res 24 heures","footnotes":""},"categories":[73,53],"tags":[],"class_list":["post-124378","post","type-post","status-publish","format-standard","hentry","category-actualite","category-algerie"],"_links":{"self":[{"href":"https:\/\/linitiative.ca\/International\/wp-json\/wp\/v2\/posts\/124378","targetHints":{"allow":["GET"]}}],"collection":[{"href":"https:\/\/linitiative.ca\/International\/wp-json\/wp\/v2\/posts"}],"about":[{"href":"https:\/\/linitiative.ca\/International\/wp-json\/wp\/v2\/types\/post"}],"author":[{"embeddable":true,"href":"https:\/\/linitiative.ca\/International\/wp-json\/wp\/v2\/users\/1743"}],"replies":[{"embeddable":true,"href":"https:\/\/linitiative.ca\/International\/wp-json\/wp\/v2\/comments?post=124378"}],"version-history":[{"count":0,"href":"https:\/\/linitiative.ca\/International\/wp-json\/wp\/v2\/posts\/124378\/revisions"}],"wp:attachment":[{"href":"https:\/\/linitiative.ca\/International\/wp-json\/wp\/v2\/media?parent=124378"}],"wp:term":[{"taxonomy":"category","embeddable":true,"href":"https:\/\/linitiative.ca\/International\/wp-json\/wp\/v2\/categories?post=124378"},{"taxonomy":"post_tag","embeddable":true,"href":"https:\/\/linitiative.ca\/International\/wp-json\/wp\/v2\/tags?post=124378"}],"curies":[{"name":"wp","href":"https:\/\/api.w.org\/{rel}","templated":true}]}}