{"id":124382,"date":"2021-08-17T09:42:18","date_gmt":"2021-08-17T13:42:18","guid":{"rendered":"https:\/\/linitiative.ca\/International\/indemnisation-des-sinistres-des-feux-de-forets-levaluation-des-degats-en-cours-au-niveau-de-26-wilayas\/"},"modified":"2021-08-17T09:42:18","modified_gmt":"2021-08-17T13:42:18","slug":"indemnisation-des-sinistres-des-feux-de-forets-levaluation-des-degats-en-cours-au-niveau-de-26-wilayas","status":"publish","type":"post","link":"https:\/\/linitiative.ca\/International\/indemnisation-des-sinistres-des-feux-de-forets-levaluation-des-degats-en-cours-au-niveau-de-26-wilayas\/","title":{"rendered":"Indemnisation des sinistr\u00e9s des feux de for\u00eats : l\u2019\u00e9valuation des d\u00e9g\u00e2ts en cours au niveau de 26 wilayas"},"content":{"rendered":"<div>\n<div class=\"sriret\"><img decoding=\"async\" src=\"https:\/\/linitiative.ca\/International\/wp-content\/uploads\/sites\/23\/2021\/08\/default-picture-709x366_c-35.jpg\"><\/div>\n<p>Les \u00e9quipes sp\u00e9cialis\u00e9es d\u00e9p\u00each\u00e9es dans les 26 wilayas touch\u00e9es par les incendies au cours de ces dernies jours ont commenc\u00e9 \u00e0 recenser les pertes li\u00e9es aux biens mobiliers et immobiliers en attendant de soumettre leurs r\u00e9sultats \u00e0 la commission nationale d\u2019\u00e9valuation et d\u2019indemnisation des sinistr\u00e9s install\u00e9e lundi par le pr\u00e9sident de la R\u00e9publique, Abdelmadjid Tebboune.<\/p>\n<p>En applications des instructions du pr\u00e9sident de la R\u00e9publique et du ministre de l\u2019Int\u00e9rieur, des Collectivit\u00e9s locales et de l\u2019Am\u00e9nagement du territoire, des \u00e9quipes sp\u00e9cialis\u00e9es ont \u00e9t\u00e9 d\u00e9p\u00each\u00e9es dans les communes des 26 wilayas touch\u00e9es par les incendies afin d\u2019entamer le recensement des personnes sinistr\u00e9es et d\u2019\u00e9valuer les d\u00e9g\u00e2ts occasionn\u00e9s, a d\u00e9clar\u00e9 \u00e0 la T\u00e9l\u00e9vision publique l\u2019inspecteur central du minist\u00e8re de l\u2019Int\u00e9rieur, Abdelaziz Dliba. Compos\u00e9es d\u2019agents administratifs et d\u2019experts en contr\u00f4le technique, ces \u00e9quipes sont charg\u00e9es d\u2019effectuer l\u2019inventaire des biens mobiliers et immobiliers endommag\u00e9s par les feux de for\u00eats et de proc\u00e9der par la suite \u00e0 l\u2019estimation des d\u00e9g\u00e2ts occasionn\u00e9s. Il a ajout\u00e9 que les dossiers seront examin\u00e9s au niveau de la Da\u00efra concern\u00e9e puis au niveau de la wilaya, avant de les soumettre \u00e0 la Commission nationale, tout en esp\u00e9rant que cette op\u00e9ration sera parachev\u00e9e \u00ab\u00a0dans un d\u00e9lai raisonnable\u00a0\u00bb. Lundi 16 ao\u00fbt, le Pr\u00e9sident Tebboune a proc\u00e9d\u00e9 \u00e0 l\u2019installation de la Commission nationale d\u2019\u00e9valuation et d\u2019indemnisation des sinistr\u00e9s des feux de for\u00eats qui ont touch\u00e9 plusieurs wilayas et charg\u00e9 le Conseiller \u00e0 la pr\u00e9sidence de la R\u00e9publique charg\u00e9 des Relations ext\u00e9rieures, Abdelhafidh Allahoum, de pr\u00e9sider la commission. Le chef de l\u2019Etat a donn\u00e9 des instructions fermes aux membres de la Commission pour coordonner leur travail avec tous les secteurs et les commissions de wilaya pr\u00e9sid\u00e9es par les walis et proc\u00e9der dans l\u2019imm\u00e9diat \u00e0 l\u2019indemnisation des sinistr\u00e9s. La Commission a pour principale mission de r\u00e9ceptionner les dossiers des commissions de wilaya charg\u00e9es de l\u2019\u00e9valuation des d\u00e9g\u00e2ts\u00a0\u00bb, a indiqu\u00e9 le communiqu\u00e9 de la Pr\u00e9sidence de la R\u00e9publique, ajoutant que le chef de l\u2019Etat a instruit les membres de la Commission de travailler, dans la transparence et en toute \u00e9quit\u00e9, en associant les chefs de comit\u00e9s de villages dans l\u2019\u00e9laboration des listes des sinistr\u00e9s qui b\u00e9n\u00e9ficieront du soutien total de l\u2019Etat. M. Tebboune a d\u00e9cid\u00e9, par ailleurs, d\u2019attribuer une allocation d\u2019un (1) million de dinars au profit des familles des martyrs, civils et militaires, qui sera octroy\u00e9e aux parents du martyr s\u2019il \u00e9tait c\u00e9libataire ou \u00e0 son conjoint. La semaine derni\u00e8re, le Premier ministre, A\u00efmene Benabderrahmane a effectu\u00e9 une visite \u00e0 Tizi Ouzou, la wilaya la plus touch\u00e9e, pour s\u2019enqu\u00e9rir de la situation occasionn\u00e9e par les feux de for\u00eats \u00ab\u00a0d\u2019origine criminelle\u00a0\u00bb, assurant que les indemnisations concerneront toutes les r\u00e9gions sinistr\u00e9es et \u00ab\u00a0tous les moyens nationaux ont \u00e9t\u00e9 mobilis\u00e9s pour un retour \u00e0 la vie normale\u00a0\u00bb.<\/p>\n<p style=\"text-align: right;\">APS<\/p>\n<p>L\u2019article <a rel=\"nofollow\" href=\"https:\/\/www.elwatan.com\/edition\/actualite\/731247-17-08-2021\">Indemnisation des sinistr\u00e9s des feux de for\u00eats : l\u2019\u00e9valuation des d\u00e9g\u00e2ts en cours au niveau de 26 wilayas<\/a> est apparu en premier sur <a rel=\"nofollow\" href=\"https:\/\/www.elwatan.com\/\">El Watan<\/a>.<\/p>\n<\/div>\n<p>Auteur: Mohand Yahiaoui<br \/>\n<a href=\"https:\/\/www.elwatan.com\/edition\/actualite\/731247-17-08-2021\">Cliquez ici pour lire l&rsquo;article depuis sa source.<\/a><\/p>\n","protected":false},"excerpt":{"rendered":"<p>Les \u00e9quipes sp\u00e9cialis\u00e9es d\u00e9p\u00each\u00e9es dans les 26 wilayas touch\u00e9es par les incendies au cours de ces dernies jours ont commenc\u00e9 \u00e0 recenser les pertes li\u00e9es aux biens mobiliers et immobiliers en attendant de soumettre leurs r\u00e9sultats \u00e0 la commission nationale d\u2019\u00e9valuation et d\u2019indemnisation des sinistr\u00e9s install\u00e9e lundi par le pr\u00e9sident de la R\u00e9publique, Abdelmadjid Tebboune. [&hellip;]<\/p>\n","protected":false},"author":1743,"featured_media":0,"comment_status":"closed","ping_status":"closed","sticky":false,"template":"","format":"standard","meta":{"fifu_image_url":"https:\/\/www.elwatan.com\/wp-content\/themes\/spectr\/img\/default-picture-709x366_c.jpg","fifu_image_alt":"Indemnisation des sinistr\u00e9s des feux de for\u00eats : l\u2019\u00e9valuation des d\u00e9g\u00e2ts en cours au niveau de 26 wilayas","footnotes":""},"categories":[73,53],"tags":[],"class_list":["post-124382","post","type-post","status-publish","format-standard","hentry","category-actualite","category-algerie"],"_links":{"self":[{"href":"https:\/\/linitiative.ca\/International\/wp-json\/wp\/v2\/posts\/124382","targetHints":{"allow":["GET"]}}],"collection":[{"href":"https:\/\/linitiative.ca\/International\/wp-json\/wp\/v2\/posts"}],"about":[{"href":"https:\/\/linitiative.ca\/International\/wp-json\/wp\/v2\/types\/post"}],"author":[{"embeddable":true,"href":"https:\/\/linitiative.ca\/International\/wp-json\/wp\/v2\/users\/1743"}],"replies":[{"embeddable":true,"href":"https:\/\/linitiative.ca\/International\/wp-json\/wp\/v2\/comments?post=124382"}],"version-history":[{"count":0,"href":"https:\/\/linitiative.ca\/International\/wp-json\/wp\/v2\/posts\/124382\/revisions"}],"wp:attachment":[{"href":"https:\/\/linitiative.ca\/International\/wp-json\/wp\/v2\/media?parent=124382"}],"wp:term":[{"taxonomy":"category","embeddable":true,"href":"https:\/\/linitiative.ca\/International\/wp-json\/wp\/v2\/categories?post=124382"},{"taxonomy":"post_tag","embeddable":true,"href":"https:\/\/linitiative.ca\/International\/wp-json\/wp\/v2\/tags?post=124382"}],"curies":[{"name":"wp","href":"https:\/\/api.w.org\/{rel}","templated":true}]}}