{"id":124386,"date":"2021-08-16T18:19:00","date_gmt":"2021-08-16T22:19:00","guid":{"rendered":"https:\/\/linitiative.ca\/International\/abdelaziz-kacem-cetait-ecrit\/"},"modified":"2021-08-16T18:19:00","modified_gmt":"2021-08-16T22:19:00","slug":"abdelaziz-kacem-cetait-ecrit","status":"publish","type":"post","link":"https:\/\/linitiative.ca\/International\/abdelaziz-kacem-cetait-ecrit\/","title":{"rendered":"Abdelaziz Kacem: C\u2019\u00e9tait \u00e9crit"},"content":{"rendered":"<div><img decoding=\"async\" src=\"https:\/\/linitiative.ca\/International\/wp-content\/uploads\/sites\/23\/2021\/08\/1629148899_article.jpg\" alt=\"Abdelaziz Kacem: C\u2019\u00e9tait \u00e9crit\" align=\"left\">Comme autrefois Saigon,<br \/>\nComme bient\u00f4t Bagdad,<br \/>\nIls ont quitt\u00e9 Kaboul.<br \/>\nC\u2019\u00e9tait \u00e9crit.<br \/>\nEn 2003, lors de l\u2019invasion de l\u2019Irak, dans un long po\u00e8me qui fera partie du recueil \u00abQuatrains en d\u00e9sh\u00e9rence\u00bb (\u00e0 para\u00eetre prochainement aux \u00e9ditions Leaders), le po\u00e8te, pr\u00e9monitoire, avertissait. Extraits:<br \/>\nJ\u2019ai aim\u00e9 Hemingway et je sais discourir<br \/>\nSur le r\u00eave et la longue insomnie d\u2019Am\u00e9rique,<br \/>\nSur le Dieu qu\u2019elle exalte et qui la fait courir.<br \/>\nEt Bagdad de payer la d\u00eeme \u00e9vang\u00e9lique.<br \/>\nIls ne savent r\u00eaver que p\u00e9rils et barils,<br \/>\nCes baroudeurs en mal de rade et d\u2019algarade,<br \/>\nDemandez-leur, par pur hasard, que savent-ils<br \/>\nDu pays d\u2019Astart\u00e9 et de Sch\u00e9h\u00e9razade &#8230;<\/p>\n<\/div>\n<p>Auteur:<br \/>\n<a href=\"https:\/\/www.leaders.com.tn\/article\/32296-abdelaziz-kacem-c-etait-ecrit\">Cliquez ici pour lire l&rsquo;article depuis sa source.<\/a><\/p>\n","protected":false},"excerpt":{"rendered":"<p>Comme autrefois Saigon, Comme bient\u00f4t Bagdad, Ils ont quitt\u00e9 Kaboul. C\u2019\u00e9tait \u00e9crit. En 2003, lors de l\u2019invasion de l\u2019Irak, dans un long po\u00e8me qui fera partie du recueil \u00abQuatrains en d\u00e9sh\u00e9rence\u00bb (\u00e0 para\u00eetre prochainement aux \u00e9ditions Leaders), le po\u00e8te, pr\u00e9monitoire, avertissait. Extraits: J\u2019ai aim\u00e9 Hemingway et je sais discourir Sur le r\u00eave et la longue [&hellip;]<\/p>\n","protected":false},"author":1772,"featured_media":0,"comment_status":"closed","ping_status":"closed","sticky":false,"template":"","format":"standard","meta":{"fifu_image_url":"http:\/\/www.leaders.com.tn\/uploads\/content\/thumbnails_small\/1629148899_article.jpg","fifu_image_alt":"Abdelaziz Kacem: C\u2019\u00e9tait \u00e9crit","footnotes":""},"categories":[73,55],"tags":[],"class_list":["post-124386","post","type-post","status-publish","format-standard","hentry","category-actualite","category-tunisie"],"_links":{"self":[{"href":"https:\/\/linitiative.ca\/International\/wp-json\/wp\/v2\/posts\/124386","targetHints":{"allow":["GET"]}}],"collection":[{"href":"https:\/\/linitiative.ca\/International\/wp-json\/wp\/v2\/posts"}],"about":[{"href":"https:\/\/linitiative.ca\/International\/wp-json\/wp\/v2\/types\/post"}],"author":[{"embeddable":true,"href":"https:\/\/linitiative.ca\/International\/wp-json\/wp\/v2\/users\/1772"}],"replies":[{"embeddable":true,"href":"https:\/\/linitiative.ca\/International\/wp-json\/wp\/v2\/comments?post=124386"}],"version-history":[{"count":0,"href":"https:\/\/linitiative.ca\/International\/wp-json\/wp\/v2\/posts\/124386\/revisions"}],"wp:attachment":[{"href":"https:\/\/linitiative.ca\/International\/wp-json\/wp\/v2\/media?parent=124386"}],"wp:term":[{"taxonomy":"category","embeddable":true,"href":"https:\/\/linitiative.ca\/International\/wp-json\/wp\/v2\/categories?post=124386"},{"taxonomy":"post_tag","embeddable":true,"href":"https:\/\/linitiative.ca\/International\/wp-json\/wp\/v2\/tags?post=124386"}],"curies":[{"name":"wp","href":"https:\/\/api.w.org\/{rel}","templated":true}]}}