{"id":124388,"date":"2021-08-17T05:01:00","date_gmt":"2021-08-17T09:01:00","guid":{"rendered":"https:\/\/linitiative.ca\/International\/assassinat-de-chokri-belaid-et-mohamed-brahmi-le-procureur-suspendu-et-defere-a-la-justice-le-crime-detat-sera-t-il-elucide\/"},"modified":"2021-08-17T05:01:00","modified_gmt":"2021-08-17T09:01:00","slug":"assassinat-de-chokri-belaid-et-mohamed-brahmi-le-procureur-suspendu-et-defere-a-la-justice-le-crime-detat-sera-t-il-elucide","status":"publish","type":"post","link":"https:\/\/linitiative.ca\/International\/assassinat-de-chokri-belaid-et-mohamed-brahmi-le-procureur-suspendu-et-defere-a-la-justice-le-crime-detat-sera-t-il-elucide\/","title":{"rendered":"Assassinat de Chokri Bela\u00efd et Mohamed Brahmi &#8211; Le procureur suspendu et d\u00e9f\u00e9r\u00e9 \u00e0 la justice: Le crime d\u2019\u00c9tat sera-t-il \u00e9lucid\u00e9 ?"},"content":{"rendered":"<div><img decoding=\"async\" src=\"https:\/\/linitiative.ca\/International\/wp-content\/uploads\/sites\/23\/2021\/08\/1629189281_article.jpg\" alt=\"Assassinat de Chokri Bela\u00efd et Mohamed Brahmi - Le procureur suspendu et d\u00e9f\u00e9r\u00e9 \u00e0 la justice: Le crime d\u2019\u00c9tat sera-t-il \u00e9lucid\u00e9 ?\" align=\"left\">Un grand tournant est pris non seulement dans l\u2019affaire des martyrs Chokri Bela\u00efd et Mohamed Brahmi, mais aussi celle de l\u2019organisation secr\u00e8te du mouvement Ennahdha. Est-ce le dernier quart d\u2019heure dans l\u2019affranchissement de la justice ?<br \/>\nLe tout-puissant procureur de la R\u00e9publique pr\u00e8s le tribunal de premi\u00e8re instance de Tunis 1, B\u00e9chir Akremi, est suspendu de ses fonctions. Son dossier est transmis au parquet. La d\u00e9cision prise \u00e0 son encontre, au forceps et par vote \u00ab\u00e0 visage d\u00e9couvert\u00bb par le Conseil de l\u2019ordre judiciaire pr\u00e9sid\u00e9 par Malika Mazari, fera date. Ancien juge d\u2019instruction (\u00e0 la t\u00eate du fameux cabinet 13), chef du p\u00f4le antiterroriste, B\u00e9chir &#8230;<\/p>\n<\/div>\n<p>Auteur:<br \/>\n<a href=\"https:\/\/www.leaders.com.tn\/article\/32297-assassinat-de-chokri-belaid-et-mohamed-brahmi-le-procureur-suspendu-et-defere-a-la-justice-le-crime-d-etat-sera-t-il-elucide\">Cliquez ici pour lire l&rsquo;article depuis sa source.<\/a><\/p>\n","protected":false},"excerpt":{"rendered":"<p>Un grand tournant est pris non seulement dans l\u2019affaire des martyrs Chokri Bela\u00efd et Mohamed Brahmi, mais aussi celle de l\u2019organisation secr\u00e8te du mouvement Ennahdha. Est-ce le dernier quart d\u2019heure dans l\u2019affranchissement de la justice ? Le tout-puissant procureur de la R\u00e9publique pr\u00e8s le tribunal de premi\u00e8re instance de Tunis 1, B\u00e9chir Akremi, est suspendu [&hellip;]<\/p>\n","protected":false},"author":1772,"featured_media":0,"comment_status":"closed","ping_status":"closed","sticky":false,"template":"","format":"standard","meta":{"fifu_image_url":"http:\/\/www.leaders.com.tn\/uploads\/content\/thumbnails_small\/1629189281_article.jpg","fifu_image_alt":"Assassinat de Chokri Bela\u00efd et Mohamed Brahmi - Le procureur suspendu et d\u00e9f\u00e9r\u00e9 \u00e0 la justice: Le crime d\u2019\u00c9tat sera-t-il \u00e9lucid\u00e9 ?","footnotes":""},"categories":[73,55],"tags":[],"class_list":["post-124388","post","type-post","status-publish","format-standard","hentry","category-actualite","category-tunisie"],"_links":{"self":[{"href":"https:\/\/linitiative.ca\/International\/wp-json\/wp\/v2\/posts\/124388","targetHints":{"allow":["GET"]}}],"collection":[{"href":"https:\/\/linitiative.ca\/International\/wp-json\/wp\/v2\/posts"}],"about":[{"href":"https:\/\/linitiative.ca\/International\/wp-json\/wp\/v2\/types\/post"}],"author":[{"embeddable":true,"href":"https:\/\/linitiative.ca\/International\/wp-json\/wp\/v2\/users\/1772"}],"replies":[{"embeddable":true,"href":"https:\/\/linitiative.ca\/International\/wp-json\/wp\/v2\/comments?post=124388"}],"version-history":[{"count":0,"href":"https:\/\/linitiative.ca\/International\/wp-json\/wp\/v2\/posts\/124388\/revisions"}],"wp:attachment":[{"href":"https:\/\/linitiative.ca\/International\/wp-json\/wp\/v2\/media?parent=124388"}],"wp:term":[{"taxonomy":"category","embeddable":true,"href":"https:\/\/linitiative.ca\/International\/wp-json\/wp\/v2\/categories?post=124388"},{"taxonomy":"post_tag","embeddable":true,"href":"https:\/\/linitiative.ca\/International\/wp-json\/wp\/v2\/tags?post=124388"}],"curies":[{"name":"wp","href":"https:\/\/api.w.org\/{rel}","templated":true}]}}