{"id":124392,"date":"2021-08-17T10:33:00","date_gmt":"2021-08-17T14:33:00","guid":{"rendered":"https:\/\/linitiative.ca\/International\/lambassadeur-mohamed-ridha-farhat-est-decede\/"},"modified":"2021-08-17T10:33:00","modified_gmt":"2021-08-17T14:33:00","slug":"lambassadeur-mohamed-ridha-farhat-est-decede","status":"publish","type":"post","link":"https:\/\/linitiative.ca\/International\/lambassadeur-mohamed-ridha-farhat-est-decede\/","title":{"rendered":"L\u2019Ambassadeur Mohamed Ridha Farhat est d\u00e9c\u00e9d\u00e9"},"content":{"rendered":"<div><img decoding=\"async\" src=\"https:\/\/linitiative.ca\/International\/wp-content\/uploads\/sites\/23\/2021\/08\/1629207185_article.jpg\" alt=\"L\u2019Ambassadeur Mohamed Ridha Farhat est d\u00e9c\u00e9d\u00e9 \" align=\"left\">Une tr\u00e8s belle plume de journaliste, une profonde analyse de militant d\u00e9mocrate dans les journaux d\u2019opposition, Errai et D\u00e9mocratie, d\u00e8s la fin des ann\u00e9es 1970, et une naturelle courtoise diplomatique d\u2019ambassadeur distingu\u00e9. Ainsi \u00e9tait Mohamed Ridha Farhat qui vient de nous quitter.<br \/>\nDipl\u00f4m\u00e9 en journalisme (Ipsi), il n\u2019h\u00e9sitera pas \u00e0 rejoindre la presse d\u2019opposition. Admis au concours d\u2019entr\u00e9e aux Affaires Etrang\u00e8res, il ne se d\u00e9partira gu\u00e8re de son esprit critique. Mohamed Ridha Farhat gravira un \u00e0 un les \u00e9chelons de ce corps prestigieux. Il sera ambassadeur \u00e0 Lisbonne, puis \u00e0 Bruxelles (B\u00e9n\u00e9lux et l\u2019Union europ\u00e9enne\u2026 Il excellait tant dans le &#8230;<\/p>\n<\/div>\n<p>Auteur:<br \/>\n<a href=\"https:\/\/www.leaders.com.tn\/article\/32299-l-ambassadeur-mohamed-ridha-farhat-est-decede\">Cliquez ici pour lire l&rsquo;article depuis sa source.<\/a><\/p>\n","protected":false},"excerpt":{"rendered":"<p>Une tr\u00e8s belle plume de journaliste, une profonde analyse de militant d\u00e9mocrate dans les journaux d\u2019opposition, Errai et D\u00e9mocratie, d\u00e8s la fin des ann\u00e9es 1970, et une naturelle courtoise diplomatique d\u2019ambassadeur distingu\u00e9. Ainsi \u00e9tait Mohamed Ridha Farhat qui vient de nous quitter. Dipl\u00f4m\u00e9 en journalisme (Ipsi), il n\u2019h\u00e9sitera pas \u00e0 rejoindre la presse d\u2019opposition. Admis [&hellip;]<\/p>\n","protected":false},"author":1772,"featured_media":0,"comment_status":"closed","ping_status":"closed","sticky":false,"template":"","format":"standard","meta":{"fifu_image_url":"http:\/\/www.leaders.com.tn\/uploads\/content\/thumbnails_small\/1629207185_article.jpg","fifu_image_alt":"L\u2019Ambassadeur Mohamed Ridha Farhat est d\u00e9c\u00e9d\u00e9","footnotes":""},"categories":[73,55],"tags":[],"class_list":["post-124392","post","type-post","status-publish","format-standard","hentry","category-actualite","category-tunisie"],"_links":{"self":[{"href":"https:\/\/linitiative.ca\/International\/wp-json\/wp\/v2\/posts\/124392","targetHints":{"allow":["GET"]}}],"collection":[{"href":"https:\/\/linitiative.ca\/International\/wp-json\/wp\/v2\/posts"}],"about":[{"href":"https:\/\/linitiative.ca\/International\/wp-json\/wp\/v2\/types\/post"}],"author":[{"embeddable":true,"href":"https:\/\/linitiative.ca\/International\/wp-json\/wp\/v2\/users\/1772"}],"replies":[{"embeddable":true,"href":"https:\/\/linitiative.ca\/International\/wp-json\/wp\/v2\/comments?post=124392"}],"version-history":[{"count":0,"href":"https:\/\/linitiative.ca\/International\/wp-json\/wp\/v2\/posts\/124392\/revisions"}],"wp:attachment":[{"href":"https:\/\/linitiative.ca\/International\/wp-json\/wp\/v2\/media?parent=124392"}],"wp:term":[{"taxonomy":"category","embeddable":true,"href":"https:\/\/linitiative.ca\/International\/wp-json\/wp\/v2\/categories?post=124392"},{"taxonomy":"post_tag","embeddable":true,"href":"https:\/\/linitiative.ca\/International\/wp-json\/wp\/v2\/tags?post=124392"}],"curies":[{"name":"wp","href":"https:\/\/api.w.org\/{rel}","templated":true}]}}