{"id":124399,"date":"2021-08-17T10:19:21","date_gmt":"2021-08-17T14:19:21","guid":{"rendered":"https:\/\/linitiative.ca\/International\/covid-19-les-tests-rapides-de-nouveau-commercialises-dans-les-pharmacies\/"},"modified":"2021-08-17T10:19:21","modified_gmt":"2021-08-17T14:19:21","slug":"covid-19-les-tests-rapides-de-nouveau-commercialises-dans-les-pharmacies","status":"publish","type":"post","link":"https:\/\/linitiative.ca\/International\/covid-19-les-tests-rapides-de-nouveau-commercialises-dans-les-pharmacies\/","title":{"rendered":"Covid-19. Les tests rapides de nouveau commercialis\u00e9s dans les pharmacies"},"content":{"rendered":"<div><img decoding=\"async\" width=\"500\" height=\"400\" src=\"https:\/\/linitiative.ca\/International\/wp-content\/uploads\/sites\/23\/2021\/08\/pharmacie-Maroc.jpg\" class=\"attachment-post-thumbnail size-post-thumbnail wp-post-image\" alt=\"\" loading=\"lazy\" srcset=\"https:\/\/linitiative.ca\/International\/wp-content\/uploads\/sites\/23\/2021\/08\/pharmacie-Maroc.jpg 500w, https:\/\/www.challenge.ma\/wp-content\/uploads\/2021\/08\/pharmacie-Maroc-300x240.jpg 300w, https:\/\/www.challenge.ma\/wp-content\/uploads\/2021\/08\/pharmacie-Maroc-360x288.jpg 360w\" sizes=\"auto, (max-width: 500px) 100vw, 500px\" itemprop=\"image\">Alors qu\u2019ils avaient fait l\u2019objet d\u2018un retrait dans les officines, voici que les tests salivaires rapides ont \u00e9t\u00e9 remis sur le march\u00e9. C\u2019est ce qu\u2019indique un courrier \u00e9manant du Conseil national de l\u2019Ordre des pharmaciens. Dans un courrier adress\u00e9 aux pharmaciens, Hamza Guedira, Pr\u00e9sident du Conseil national de l\u2019Ordre des<\/div>\n<p>Auteur: challenge<br \/>\n<a href=\"https:\/\/www.challenge.ma\/covid-19-les-tests-rapides-de-nouveau-commercialises-dans-les-pharmacies-195913\/\">Cliquez ici pour lire l&rsquo;article depuis sa source.<\/a><\/p>\n","protected":false},"excerpt":{"rendered":"<p>Alors qu\u2019ils avaient fait l\u2019objet d\u2018un retrait dans les officines, voici que les tests salivaires rapides ont \u00e9t\u00e9 remis sur le march\u00e9. C\u2019est ce qu\u2019indique un courrier \u00e9manant du Conseil national de l\u2019Ordre des pharmaciens. Dans un courrier adress\u00e9 aux pharmaciens, Hamza Guedira, Pr\u00e9sident du Conseil national de l\u2019Ordre des Auteur: challenge Cliquez ici pour [&hellip;]<\/p>\n","protected":false},"author":1787,"featured_media":0,"comment_status":"closed","ping_status":"closed","sticky":false,"template":"","format":"standard","meta":{"fifu_image_url":"https:\/\/www.challenge.ma\/wp-content\/uploads\/2021\/08\/pharmacie-Maroc.jpg","fifu_image_alt":"Covid-19. Les tests rapides de nouveau commercialis\u00e9s dans les pharmacies","footnotes":""},"categories":[78,54],"tags":[],"class_list":["post-124399","post","type-post","status-publish","format-standard","hentry","category-economie","category-maroc"],"_links":{"self":[{"href":"https:\/\/linitiative.ca\/International\/wp-json\/wp\/v2\/posts\/124399","targetHints":{"allow":["GET"]}}],"collection":[{"href":"https:\/\/linitiative.ca\/International\/wp-json\/wp\/v2\/posts"}],"about":[{"href":"https:\/\/linitiative.ca\/International\/wp-json\/wp\/v2\/types\/post"}],"author":[{"embeddable":true,"href":"https:\/\/linitiative.ca\/International\/wp-json\/wp\/v2\/users\/1787"}],"replies":[{"embeddable":true,"href":"https:\/\/linitiative.ca\/International\/wp-json\/wp\/v2\/comments?post=124399"}],"version-history":[{"count":0,"href":"https:\/\/linitiative.ca\/International\/wp-json\/wp\/v2\/posts\/124399\/revisions"}],"wp:attachment":[{"href":"https:\/\/linitiative.ca\/International\/wp-json\/wp\/v2\/media?parent=124399"}],"wp:term":[{"taxonomy":"category","embeddable":true,"href":"https:\/\/linitiative.ca\/International\/wp-json\/wp\/v2\/categories?post=124399"},{"taxonomy":"post_tag","embeddable":true,"href":"https:\/\/linitiative.ca\/International\/wp-json\/wp\/v2\/tags?post=124399"}],"curies":[{"name":"wp","href":"https:\/\/api.w.org\/{rel}","templated":true}]}}