{"id":124403,"date":"2021-08-17T12:44:20","date_gmt":"2021-08-17T16:44:20","guid":{"rendered":"https:\/\/linitiative.ca\/International\/port-de-casablanca-une-nouvelle-procedure-instauree-pour-les-marchandises-en-souffrance\/"},"modified":"2021-08-17T12:44:20","modified_gmt":"2021-08-17T16:44:20","slug":"port-de-casablanca-une-nouvelle-procedure-instauree-pour-les-marchandises-en-souffrance","status":"publish","type":"post","link":"https:\/\/linitiative.ca\/International\/port-de-casablanca-une-nouvelle-procedure-instauree-pour-les-marchandises-en-souffrance\/","title":{"rendered":"Port de Casablanca. Une nouvelle proc\u00e9dure instaur\u00e9e pour les marchandises en souffrance"},"content":{"rendered":"<div><img decoding=\"async\" width=\"641\" height=\"353\" src=\"https:\/\/linitiative.ca\/International\/wp-content\/uploads\/sites\/23\/2021\/08\/port-de-casablanca-925x430-768x357-1.jpg\" class=\"attachment-post-thumbnail size-post-thumbnail wp-post-image\" alt=\"\" loading=\"lazy\" srcset=\"https:\/\/linitiative.ca\/International\/wp-content\/uploads\/sites\/23\/2021\/08\/port-de-casablanca-925x430-768x357-1.jpg 641w, https:\/\/www.challenge.ma\/wp-content\/uploads\/2021\/08\/port-de-casablanca-925x430-768x357-1-300x165.jpg 300w, https:\/\/www.challenge.ma\/wp-content\/uploads\/2021\/08\/port-de-casablanca-925x430-768x357-1-360x198.jpg 360w\" sizes=\"auto, (max-width: 641px) 100vw, 641px\" itemprop=\"image\">Une nouvelle proc\u00e9dure de gestion des marchandises en souffrance a \u00e9t\u00e9 instaur\u00e9e r\u00e9cemment au port de Casablanca, indique l\u2019Association professionnelle des agents maritimes, consignataires de navires et courtiers d\u2019affr\u00e8tement du Maroc (APRAM). Une proc\u00e9dure qui, selon l\u2019Association, sera dans une seconde phase g\u00e9n\u00e9ralis\u00e9e aux autres ports du Royaume et qui<\/div>\n<p>Auteur: challenge<br \/>\n<a href=\"https:\/\/www.challenge.ma\/port-de-casablanca-une-nouvelle-procedure-instauree-pour-les-marchandises-en-souffrance-195935\/\">Cliquez ici pour lire l&rsquo;article depuis sa source.<\/a><\/p>\n","protected":false},"excerpt":{"rendered":"<p>Une nouvelle proc\u00e9dure de gestion des marchandises en souffrance a \u00e9t\u00e9 instaur\u00e9e r\u00e9cemment au port de Casablanca, indique l\u2019Association professionnelle des agents maritimes, consignataires de navires et courtiers d\u2019affr\u00e8tement du Maroc (APRAM). Une proc\u00e9dure qui, selon l\u2019Association, sera dans une seconde phase g\u00e9n\u00e9ralis\u00e9e aux autres ports du Royaume et qui Auteur: challenge Cliquez ici pour [&hellip;]<\/p>\n","protected":false},"author":1787,"featured_media":0,"comment_status":"closed","ping_status":"closed","sticky":false,"template":"","format":"standard","meta":{"fifu_image_url":"https:\/\/www.challenge.ma\/wp-content\/uploads\/2021\/08\/port-de-casablanca-925x430-768x357-1.jpg","fifu_image_alt":"Port de Casablanca. Une nouvelle proc\u00e9dure instaur\u00e9e pour les marchandises en souffrance","footnotes":""},"categories":[78,54],"tags":[],"class_list":["post-124403","post","type-post","status-publish","format-standard","hentry","category-economie","category-maroc"],"_links":{"self":[{"href":"https:\/\/linitiative.ca\/International\/wp-json\/wp\/v2\/posts\/124403","targetHints":{"allow":["GET"]}}],"collection":[{"href":"https:\/\/linitiative.ca\/International\/wp-json\/wp\/v2\/posts"}],"about":[{"href":"https:\/\/linitiative.ca\/International\/wp-json\/wp\/v2\/types\/post"}],"author":[{"embeddable":true,"href":"https:\/\/linitiative.ca\/International\/wp-json\/wp\/v2\/users\/1787"}],"replies":[{"embeddable":true,"href":"https:\/\/linitiative.ca\/International\/wp-json\/wp\/v2\/comments?post=124403"}],"version-history":[{"count":0,"href":"https:\/\/linitiative.ca\/International\/wp-json\/wp\/v2\/posts\/124403\/revisions"}],"wp:attachment":[{"href":"https:\/\/linitiative.ca\/International\/wp-json\/wp\/v2\/media?parent=124403"}],"wp:term":[{"taxonomy":"category","embeddable":true,"href":"https:\/\/linitiative.ca\/International\/wp-json\/wp\/v2\/categories?post=124403"},{"taxonomy":"post_tag","embeddable":true,"href":"https:\/\/linitiative.ca\/International\/wp-json\/wp\/v2\/tags?post=124403"}],"curies":[{"name":"wp","href":"https:\/\/api.w.org\/{rel}","templated":true}]}}