{"id":124407,"date":"2021-08-17T16:34:35","date_gmt":"2021-08-17T20:34:35","guid":{"rendered":"https:\/\/linitiative.ca\/International\/tunisie-rentree-scolaire-lassaad-yaakoubi-hausse-le-ton\/"},"modified":"2021-08-17T16:34:35","modified_gmt":"2021-08-17T20:34:35","slug":"tunisie-rentree-scolaire-lassaad-yaakoubi-hausse-le-ton","status":"publish","type":"post","link":"https:\/\/linitiative.ca\/International\/tunisie-rentree-scolaire-lassaad-yaakoubi-hausse-le-ton\/","title":{"rendered":"Tunisie \u2013 Rentr\u00e9e scolaire\u00a0: Lassa\u00e2d Ya\u00e2koubi hausse le ton\u00a0!"},"content":{"rendered":"<div>\n<p>Le secr\u00e9taire g\u00e9n\u00e9ral du syndicat de l\u2019enseignement secondaire, Lassa\u00e2d Ya\u00e2koubi, est intervenu, ce mardi, au micro d\u2019une radio priv\u00e9e, pour interpeller le ministre de l\u2019\u00e9ducation, \u00e0 propos de ses derni\u00e8res d\u00e9clarations en rapport avec la rentr\u00e9e \u00e0 sa date pr\u00e9vue du 14 septembre, et l\u2019abandon du syst\u00e8me de groupes. Ya\u00e2koubi a assur\u00e9 qu\u2019il est convenu [\u2026]<\/p>\n<p>L\u2019article <a href=\"https:\/\/www.tunisienumerique.com\/tunisie-rentree-scolaire-lassaad-yaakoubi-hausse-le-ton\/\">Tunisie \u2013 Rentr\u00e9e scolaire\u00a0: Lassa\u00e2d Ya\u00e2koubi hausse le ton\u00a0!<\/a> est apparu en premier sur <a href=\"https:\/\/www.tunisienumerique.com\/\">Tunisie<\/a>.<\/p>\n<\/div>\n<p>Auteur: LM<br \/>\n<a href=\"https:\/\/www.tunisienumerique.com\/tunisie-rentree-scolaire-lassaad-yaakoubi-hausse-le-ton\/\">Cliquez ici pour lire l&rsquo;article depuis sa source.<\/a><\/p>\n","protected":false},"excerpt":{"rendered":"<p>Le secr\u00e9taire g\u00e9n\u00e9ral du syndicat de l\u2019enseignement secondaire, Lassa\u00e2d Ya\u00e2koubi, est intervenu, ce mardi, au micro d\u2019une radio priv\u00e9e, pour interpeller le ministre de l\u2019\u00e9ducation, \u00e0 propos de ses derni\u00e8res d\u00e9clarations en rapport avec la rentr\u00e9e \u00e0 sa date pr\u00e9vue du 14 septembre, et l\u2019abandon du syst\u00e8me de groupes. Ya\u00e2koubi a assur\u00e9 qu\u2019il est convenu [&hellip;]<\/p>\n","protected":false},"author":1789,"featured_media":0,"comment_status":"closed","ping_status":"closed","sticky":false,"template":"","format":"standard","meta":{"fifu_image_url":"","fifu_image_alt":"","footnotes":""},"categories":[73,55],"tags":[],"class_list":["post-124407","post","type-post","status-publish","format-standard","hentry","category-actualite","category-tunisie"],"_links":{"self":[{"href":"https:\/\/linitiative.ca\/International\/wp-json\/wp\/v2\/posts\/124407","targetHints":{"allow":["GET"]}}],"collection":[{"href":"https:\/\/linitiative.ca\/International\/wp-json\/wp\/v2\/posts"}],"about":[{"href":"https:\/\/linitiative.ca\/International\/wp-json\/wp\/v2\/types\/post"}],"author":[{"embeddable":true,"href":"https:\/\/linitiative.ca\/International\/wp-json\/wp\/v2\/users\/1789"}],"replies":[{"embeddable":true,"href":"https:\/\/linitiative.ca\/International\/wp-json\/wp\/v2\/comments?post=124407"}],"version-history":[{"count":0,"href":"https:\/\/linitiative.ca\/International\/wp-json\/wp\/v2\/posts\/124407\/revisions"}],"wp:attachment":[{"href":"https:\/\/linitiative.ca\/International\/wp-json\/wp\/v2\/media?parent=124407"}],"wp:term":[{"taxonomy":"category","embeddable":true,"href":"https:\/\/linitiative.ca\/International\/wp-json\/wp\/v2\/categories?post=124407"},{"taxonomy":"post_tag","embeddable":true,"href":"https:\/\/linitiative.ca\/International\/wp-json\/wp\/v2\/tags?post=124407"}],"curies":[{"name":"wp","href":"https:\/\/api.w.org\/{rel}","templated":true}]}}