{"id":124410,"date":"2021-08-17T15:54:52","date_gmt":"2021-08-17T19:54:52","guid":{"rendered":"https:\/\/linitiative.ca\/International\/an-i-de-la-chute-de-ibk\/"},"modified":"2021-08-17T15:54:52","modified_gmt":"2021-08-17T19:54:52","slug":"an-i-de-la-chute-de-ibk","status":"publish","type":"post","link":"https:\/\/linitiative.ca\/International\/an-i-de-la-chute-de-ibk\/","title":{"rendered":"AN I DE LA CHUTE DE IBK  \u00a0"},"content":{"rendered":"<div>\n<p><img decoding=\"async\" width=\"592\" height=\"296\" src=\"https:\/\/linitiative.ca\/International\/wp-content\/uploads\/sites\/23\/2021\/08\/IBK.jpg\" class=\"attachment- size- wp-post-image\" alt=\"\" loading=\"lazy\" style=\"float:left; margin:0 15px 15px 0;\" srcset=\"https:\/\/linitiative.ca\/International\/wp-content\/uploads\/sites\/23\/2021\/08\/IBK.jpg 592w, https:\/\/lepays.bf\/wp-content\/uploads\/2021\/08\/IBK-300x150.jpg 300w\" sizes=\"auto, (max-width: 592px) 100vw, 592px\">18 ao\u00fbt 2020-18 ao\u00fbt 2021. Voil\u00e0 un an que les boys de Kati, avec \u00e0 leur t\u00eate le colonel Assimi Go\u00efta, d\u00e9cidaient de d\u00e9poser le pr\u00e9sident Ibrahim Boubacar K\u00e9ita (IBK) qui faisait face \u00e0 une fronde sans pr\u00e9c\u00e9dent conduite par l\u2019imam Dicko et le Mouvement du 5 Juin-Rassemblement des forces patriotiques (M5-RFP). Quel bilan peut-on \u2026<\/p>\n<p>L\u2019article <a rel=\"nofollow\" href=\"https:\/\/lepays.bf\/an-i-de-la-chute-de-ibk\/\">AN I DE LA CHUTE DE IBK  \u00a0<\/a> est apparu en premier sur <a rel=\"nofollow\" href=\"https:\/\/lepays.bf\/\">Editions Le Pays<\/a>.<\/p>\n<\/div>\n<p>Auteur: Editions LEPAYS<br \/>\n<a href=\"https:\/\/lepays.bf\/an-i-de-la-chute-de-ibk\/\">Cliquez ici pour lire l&rsquo;article depuis sa source.<\/a><\/p>\n","protected":false},"excerpt":{"rendered":"<p>18 ao\u00fbt 2020-18 ao\u00fbt 2021. Voil\u00e0 un an que les boys de Kati, avec \u00e0 leur t\u00eate le colonel Assimi Go\u00efta, d\u00e9cidaient de d\u00e9poser le pr\u00e9sident Ibrahim Boubacar K\u00e9ita (IBK) qui faisait face \u00e0 une fronde sans pr\u00e9c\u00e9dent conduite par l\u2019imam Dicko et le Mouvement du 5 Juin-Rassemblement des forces patriotiques (M5-RFP). Quel bilan peut-on [&hellip;]<\/p>\n","protected":false},"author":1813,"featured_media":0,"comment_status":"closed","ping_status":"closed","sticky":false,"template":"","format":"standard","meta":{"fifu_image_url":"https:\/\/lepays.bf\/wp-content\/uploads\/2021\/08\/IBK.jpg","fifu_image_alt":"AN I DE LA CHUTE DE IBK  \u00a0","footnotes":""},"categories":[73,81],"tags":[],"class_list":["post-124410","post","type-post","status-publish","format-standard","hentry","category-actualite","category-burkina-faso"],"_links":{"self":[{"href":"https:\/\/linitiative.ca\/International\/wp-json\/wp\/v2\/posts\/124410","targetHints":{"allow":["GET"]}}],"collection":[{"href":"https:\/\/linitiative.ca\/International\/wp-json\/wp\/v2\/posts"}],"about":[{"href":"https:\/\/linitiative.ca\/International\/wp-json\/wp\/v2\/types\/post"}],"author":[{"embeddable":true,"href":"https:\/\/linitiative.ca\/International\/wp-json\/wp\/v2\/users\/1813"}],"replies":[{"embeddable":true,"href":"https:\/\/linitiative.ca\/International\/wp-json\/wp\/v2\/comments?post=124410"}],"version-history":[{"count":0,"href":"https:\/\/linitiative.ca\/International\/wp-json\/wp\/v2\/posts\/124410\/revisions"}],"wp:attachment":[{"href":"https:\/\/linitiative.ca\/International\/wp-json\/wp\/v2\/media?parent=124410"}],"wp:term":[{"taxonomy":"category","embeddable":true,"href":"https:\/\/linitiative.ca\/International\/wp-json\/wp\/v2\/categories?post=124410"},{"taxonomy":"post_tag","embeddable":true,"href":"https:\/\/linitiative.ca\/International\/wp-json\/wp\/v2\/tags?post=124410"}],"curies":[{"name":"wp","href":"https:\/\/api.w.org\/{rel}","templated":true}]}}