{"id":124412,"date":"2021-08-16T19:27:34","date_gmt":"2021-08-16T23:27:34","guid":{"rendered":"https:\/\/linitiative.ca\/International\/hugues-fabrice-zango-a-la-primature-le-premier-ministre-offre-une-villa-au-heros-national\/"},"modified":"2021-08-16T19:27:34","modified_gmt":"2021-08-16T23:27:34","slug":"hugues-fabrice-zango-a-la-primature-le-premier-ministre-offre-une-villa-au-heros-national","status":"publish","type":"post","link":"https:\/\/linitiative.ca\/International\/hugues-fabrice-zango-a-la-primature-le-premier-ministre-offre-une-villa-au-heros-national\/","title":{"rendered":"Hugues Fabrice Zango \u00e0 la primature : le premier ministre offre  une villa au h\u00e9ros national"},"content":{"rendered":"<div>\n<p><strong>Le m\u00e9daill\u00e9 olympique burkinab\u00e8 Hugues Fabrice Zango a \u00e9t\u00e9 re\u00e7u en audience par le Premier ministre Christophe Marie Joseph Dabir\u00e9 le vendredi 13 aout 2021. L\u2019athl\u00e8te est all\u00e9 pr\u00e9senter sa m\u00e9daille de bronze au chef du gouvernement.<\/strong><\/p>\n<p>Hugues Fabrice Zango a re\u00e7u les cl\u00e9s d\u2019une villa des mains du Premier ministre, Christophe Dabir\u00e9 le vendredi 13 aout 2021 \u00e0 Ouagadougou. C\u2019\u00e9tait \u00e0 l\u2019occasion d\u2019une audience \u00e0 lui accord\u00e9 pour lui t\u00e9moigner la fiert\u00e9 du gouvernement d\u2019avoir r\u00e9alis\u00e9 l\u2019exploit lors des derniers jeux Olympique de Tokyo. \u00ab Je suis \u00e9mu pour cet \u00e9norme cadeau.<\/p>\n<p>Je remercie le premier ministre pour cette gratification, \u00e0 la soci\u00e9t\u00e9 donatrice, et le ministre de l\u2019habitat. J\u2019esp\u00e8re que cela motivera davantage les plus jeunes, et mes camarades athl\u00e8tes \u00e0 se donner davantage parce qu\u2019on sera toujours r\u00e9compens\u00e9 \u00e0 la hauteur de nos r\u00e9alisation \u00bb, s\u2019est-il r\u00e9jouit-il. Selon le m\u00e9daill\u00e9 olympique, il \u00e9tait imp\u00e9rieux pour lui de venir pr\u00e9senter la m\u00e9daille au chef du gouvernement burkinab\u00e8.<\/p>\n<p>\u00ab Lorsque nous avons pr\u00e9sent\u00e9 notre projet au gouvernement, il a mis les moyens \u00e0 travers le minist\u00e8re des Sports et des Loisirs pour qu\u2019ils puissent aider nous les athl\u00e8tes \u00e0 se pr\u00e9parer. Nous sommes venus traduire ainsi notre reconnaissance au premier ministre pour avoir eu confiance en nous pour la pr\u00e9paration aux jeux olympiquse \u00bb, a laiss\u00e9 entendre l\u2019athl\u00e8te.<\/p>\n<p>Selon ses propos, Christophe Dabir\u00e9 a promis davantage de soutien du gouvernement pour les prochaines \u00e9ch\u00e9ances internationales. \u00ab Notre regard est d\u00e9j\u00e0 tourn\u00e9 vers-l\u00e0 \u00bb, a affirm\u00e9 Hugues Fabrice Zango.<br \/>\nPlut\u00f4t dans la matin\u00e9e, Hugues Fabrice Zango \u00e9tait re\u00e7u par le pr\u00e9sident de l\u2019Assembl\u00e9e Nationale, Bala Sakand\u00e9. Il \u00e9tait accompagn\u00e9 du ministre des Sports et des Loisir, Dominique Marie Andr\u00e9 Nana, le pr\u00e9sident du Comit\u00e9 National Olympique et des Sports Burkinab\u00e8 (CNOSB) Singapinda Jean Yam\u00e9ogo et des membres de la f\u00e9d\u00e9ration burkinab\u00e9 d\u2019Athl\u00e9tisme.<\/p>\n<p>Pour l\u2019athl\u00e8te, cette audience est importante car c\u2019est la repr\u00e9sentation du peuple qui vote le budget et partant celui du minist\u00e8re en charge des sports. \u00ab Nous sommes venus le remercier pour avoir permis que le d\u00e9partement charg\u00e9 des sports puisse avoir des moyens pour nous pr\u00e9parer afin qu\u2019on obtienne cette m\u00e9daille \u00bb a-t-il laiss\u00e9 entendre. Il a affirm\u00e9 avoir eu un entretien fructueux avec le pr\u00e9sident de l\u2019assembl\u00e9e nationale, Bala Sakand\u00e9. \u00ab Il nous a \u00e9galement prodigu\u00e9 des conseils par apport \u00e0 notre image parce que nous sommes d\u00e9sormais des ambassadeurs. Il nous a offert une belle somme s\u2019argent \u00bb, a r\u00e9v\u00e9l\u00e9 Hugues Fabrice Zango.<\/p>\n<p style=\"text-align: right\"><strong>Pengdwend\u00e9 Achille OUEDRAOGO<\/strong><\/p>\n<p>L\u2019article <a rel=\"nofollow\" href=\"https:\/\/www.sidwaya.info\/blog\/2021\/08\/16\/hugues-fabrice-zango-a-la-primature-le-premier-ministre-offre-une-villa-au-heros-national\/\">Hugues Fabrice Zango \u00e0 la primature : le premier ministre offre  une villa au h\u00e9ros national<\/a> est apparu en premier sur <a rel=\"nofollow\" href=\"https:\/\/www.sidwaya.info\/\">Quotidien Sidwaya<\/a>.<\/p>\n<\/div>\n<p>Auteur: JK. Sidwaya<br \/>\n<a href=\"https:\/\/www.sidwaya.info\/blog\/2021\/08\/16\/hugues-fabrice-zango-a-la-primature-le-premier-ministre-offre-une-villa-au-heros-national\/\">Cliquez ici pour lire l&rsquo;article depuis sa source.<\/a><\/p>\n","protected":false},"excerpt":{"rendered":"<p>Le m\u00e9daill\u00e9 olympique burkinab\u00e8 Hugues Fabrice Zango a \u00e9t\u00e9 re\u00e7u en audience par le Premier ministre Christophe Marie Joseph Dabir\u00e9 le vendredi 13 aout 2021. L\u2019athl\u00e8te est all\u00e9 pr\u00e9senter sa m\u00e9daille de bronze au chef du gouvernement. Hugues Fabrice Zango a re\u00e7u les cl\u00e9s d\u2019une villa des mains du Premier ministre, Christophe Dabir\u00e9 le vendredi [&hellip;]<\/p>\n","protected":false},"author":1816,"featured_media":0,"comment_status":"closed","ping_status":"closed","sticky":false,"template":"","format":"standard","meta":{"fifu_image_url":"","fifu_image_alt":"","footnotes":""},"categories":[73,81],"tags":[],"class_list":["post-124412","post","type-post","status-publish","format-standard","hentry","category-actualite","category-burkina-faso"],"_links":{"self":[{"href":"https:\/\/linitiative.ca\/International\/wp-json\/wp\/v2\/posts\/124412","targetHints":{"allow":["GET"]}}],"collection":[{"href":"https:\/\/linitiative.ca\/International\/wp-json\/wp\/v2\/posts"}],"about":[{"href":"https:\/\/linitiative.ca\/International\/wp-json\/wp\/v2\/types\/post"}],"author":[{"embeddable":true,"href":"https:\/\/linitiative.ca\/International\/wp-json\/wp\/v2\/users\/1816"}],"replies":[{"embeddable":true,"href":"https:\/\/linitiative.ca\/International\/wp-json\/wp\/v2\/comments?post=124412"}],"version-history":[{"count":0,"href":"https:\/\/linitiative.ca\/International\/wp-json\/wp\/v2\/posts\/124412\/revisions"}],"wp:attachment":[{"href":"https:\/\/linitiative.ca\/International\/wp-json\/wp\/v2\/media?parent=124412"}],"wp:term":[{"taxonomy":"category","embeddable":true,"href":"https:\/\/linitiative.ca\/International\/wp-json\/wp\/v2\/categories?post=124412"},{"taxonomy":"post_tag","embeddable":true,"href":"https:\/\/linitiative.ca\/International\/wp-json\/wp\/v2\/tags?post=124412"}],"curies":[{"name":"wp","href":"https:\/\/api.w.org\/{rel}","templated":true}]}}