{"id":124413,"date":"2021-08-16T19:36:19","date_gmt":"2021-08-16T23:36:19","guid":{"rendered":"https:\/\/linitiative.ca\/International\/fete-de-lassomption-un-appel-a-la-solidarite-nationale\/"},"modified":"2021-08-16T19:36:19","modified_gmt":"2021-08-16T23:36:19","slug":"fete-de-lassomption-un-appel-a-la-solidarite-nationale","status":"publish","type":"post","link":"https:\/\/linitiative.ca\/International\/fete-de-lassomption-un-appel-a-la-solidarite-nationale\/","title":{"rendered":"F\u00eate de l\u2019Assomption : un appel \u00e0 la solidarit\u00e9 nationale"},"content":{"rendered":"<div>\n<p><strong>La f\u00eate de l\u2019Assomption a \u00e9t\u00e9 c\u00e9l\u00e9br\u00e9e, le 15 ao\u00fbt 2021, sur toute l\u2019\u00e9tendue du territoire national. A Ouagadougou, les fid\u00e8les chr\u00e9tiens se sont donn\u00e9 rendez-vous, au sanctuaire de Yagma pour la messe de c\u00e9l\u00e9bration.<\/strong><\/p>\n<p>En communion avec l\u2019Eglise universelle, les catholiques se sont retrouv\u00e9s au sanctuaire de Yagma pour c\u00e9l\u00e9brer l\u2019Assomption qui est la mont\u00e9e du corps et de l\u2019\u00e2me de la sainte Vierge Marie au ciel, le dimanche 15 ao\u00fbt 2021. Chants et pri\u00e8res \u00e9taient au c\u0153ur de la c\u00e9l\u00e9bration. Au cours du culte, le chapelet a \u00e9t\u00e9 r\u00e9cit\u00e9 \u00e0 l\u2019endroit de la Vierge Marie ainsi que des textes liturgiques qui pr\u00e9sentent Marie, comme un mod\u00e8le de tendresse, de bont\u00e9, d\u2019affection fraternelle, de vertus, de douceur \u00e0 imiter dans la vie quotidienne.<\/p>\n<p>Pour l\u2019archev\u00eaque de Ouagadougou, le cardinal Philippe Ou\u00e9draogo,\u00a0Marie est un mod\u00e8le de la vie chr\u00e9tienne et sa vie devrait nous inspirer, notamment celle de Nazareth qui doit \u00eatre une source spirituelle pour toutes les familles chr\u00e9tiennes. Il a aussi insist\u00e9 sur la famille, la<\/p>\n<figure id=\"attachment_38606\" aria-describedby=\"caption-attachment-38606\" style=\"width: 300px\" class=\"wp-caption alignleft\"><img decoding=\"async\" loading=\"lazy\" class=\"size-medium wp-image-38606\" src=\"https:\/\/linitiative.ca\/International\/wp-content\/uploads\/sites\/23\/2021\/08\/assomption5-300x181-1.jpg\" alt=\"\" width=\"300\" height=\"181\" srcset=\"https:\/\/linitiative.ca\/International\/wp-content\/uploads\/sites\/23\/2021\/08\/assomption5-300x181-1.jpg 300w, https:\/\/www.sidwaya.info\/wp-content\/uploads\/2021\/08\/assomption5-768x464.jpg 768w, https:\/\/www.sidwaya.info\/wp-content\/uploads\/2021\/08\/assomption5-150x91.jpg 150w, https:\/\/www.sidwaya.info\/wp-content\/uploads\/2021\/08\/assomption5-696x420.jpg 696w, https:\/\/www.sidwaya.info\/wp-content\/uploads\/2021\/08\/assomption5.jpg 780w\" sizes=\"auto, (max-width: 300px) 100vw, 300px\"><figcaption id=\"caption-attachment-38606\" class=\"wp-caption-text\">Le cardinal Philipe Ou\u00e9draogo\u00a0:\u00a0\u00ab\u00a0Le chemin du d\u00e9veloppement de nos pays n\u2019est pas prioritairement conditionn\u00e9 par la limitation de nos naissances\u00a0\u00bb.<\/figcaption><\/figure>\n<p>cellule de base de la soci\u00e9t\u00e9 et son avenir. \u00ab\u00a0De ce fait, nous devons dire non<br \/>\n\u00e0 toutes d\u00e9magogies antinatalistes, politiques mensong\u00e8res qui disent que c\u2019est \u00e0 cause de nos enfants, du nombre de nos populations que nous sommes pauvres \u00bb, a affirm\u00e9 le cardinal. \u00ab Le chemin du d\u00e9veloppement de nos pays n\u2019est pas prioritairement conditionn\u00e9 par la limitation des naissances \u00bb, a expliqu\u00e9 le cardinal, avant de d\u00e9clarer que nous devons lutter contre l\u2019injustice sociale, la corruption, la malgouvernance qui minent nos pays et valoriser la solidarit\u00e9 nationale.<\/p>\n<h3>Plaider pour la paix au Burkina<\/h3>\n<p>Outre la f\u00eate de l\u2019Assomption, le 15 ao\u00fbt 2021 marque la c\u00e9l\u00e9bration des 100 ans des l\u00e9gionnaires de Marie qui est un mouvement d\u2019action catholique. \u00ab\u00a0Avec les l\u00e9gionnaires de Marie, jubilons et supplions le Seigneur pour le Burkina Faso\u00a0\u00bb c\u2019est autour de ce th\u00e8me que les l\u00e9gions de Marie ont tenu leur c\u00e9l\u00e9bration en offrant des cadeaux \u00e0 la Vierge Marie.\u00a0\u00ab\u00a0Nous avons demand\u00e9 au Seigneur de leur permettre d\u2019\u00eatre de v\u00e9ritables disciples de J\u00e9sus et des ap\u00f4tres dans le quotidien de leur vie\u00a0\u00bb, a souhait\u00e9 l\u2019archev\u00eaque de Ouagadougou.<\/p>\n<figure id=\"attachment_38605\" aria-describedby=\"caption-attachment-38605\" style=\"width: 300px\" class=\"wp-caption alignright\"><img decoding=\"async\" loading=\"lazy\" class=\"size-medium wp-image-38605\" src=\"https:\/\/linitiative.ca\/International\/wp-content\/uploads\/sites\/23\/2021\/08\/assomption2-300x171-1.jpg\" alt=\"\" width=\"300\" height=\"171\" srcset=\"https:\/\/linitiative.ca\/International\/wp-content\/uploads\/sites\/23\/2021\/08\/assomption2-300x171-1.jpg 300w, https:\/\/www.sidwaya.info\/wp-content\/uploads\/2021\/08\/assomption2-768x437.jpg 768w, https:\/\/www.sidwaya.info\/wp-content\/uploads\/2021\/08\/assomption2-150x85.jpg 150w, https:\/\/www.sidwaya.info\/wp-content\/uploads\/2021\/08\/assomption2-696x396.jpg 696w, https:\/\/www.sidwaya.info\/wp-content\/uploads\/2021\/08\/assomption2-738x420.jpg 738w, https:\/\/www.sidwaya.info\/wp-content\/uploads\/2021\/08\/assomption2.jpg 780w\" sizes=\"auto, (max-width: 300px) 100vw, 300px\"><figcaption id=\"caption-attachment-38605\" class=\"wp-caption-text\">Les fid\u00e8les chr\u00e9tiens sont sortis massivement pour la c\u00e9l\u00e9bration de la mont\u00e9e au ciel de Marie.<\/figcaption><\/figure>\n<p>La c\u00e9l\u00e9bration a \u00e9t\u00e9 marqu\u00e9e par la pr\u00e9sence d\u2019autorit\u00e9s \u00e0 savoir le pr\u00e9sident de la Commission \u00e9lectorale nationale ind\u00e9pendante (CENI), Elis\u00e9e Ou\u00e9draogo, qui est venu plaider pour la paix au Burkina. \u00ab Nous avons profit\u00e9 pour demander \u00e0 l\u2019ensemble des fid\u00e8les et aux autorit\u00e9s eucharistiques de nous aider \u00e0 faire monter nos pri\u00e8res au Seigneur pour qu\u2019il nous aide dans la nouvelle mission qui nous a \u00e9t\u00e9 confi\u00e9e afin de l\u2019assumer au mieux et pour le bien de tous\u00a0\u00bb, a ajout\u00e9 le pr\u00e9sident de la CENI.<\/p>\n<p>Pour le recteur du sanctuaire, l\u2019Abb\u00e9 Jules Pascal Zabr\u00e9, c\u2019est une grande joie de voir tant de monde venir prier \u00e0 l\u2019ombre de Marie. Au cours du culte, un plaidoyer a \u00e9t\u00e9 fait par le cardinal aux p\u00e8lerins. Il s\u2019agit de regrouper des fonds pour la construction d\u2019un espace qui sera d\u00e9di\u00e9 \u00e0 Saint Joseph dans le sanctuaire de la Sainte Vierge Marie.<\/p>\n<p style=\"text-align: right\">\n<strong>Abdel Aziz NABALOUM<\/strong><br \/>\n<strong>Rakeita ROMBA<\/strong><br \/>\n(Stagiaire)<\/p>\n<p>L\u2019article <a rel=\"nofollow\" href=\"https:\/\/www.sidwaya.info\/blog\/2021\/08\/16\/fete-de-lassomption-un-appel-a-la-solidarite-nationale\/\">F\u00eate de l\u2019Assomption : un appel \u00e0 la solidarit\u00e9 nationale<\/a> est apparu en premier sur <a rel=\"nofollow\" href=\"https:\/\/www.sidwaya.info\/\">Quotidien Sidwaya<\/a>.<\/p>\n<\/div>\n<p>Auteur: JK. Sidwaya<br \/>\n<a href=\"https:\/\/www.sidwaya.info\/blog\/2021\/08\/16\/fete-de-lassomption-un-appel-a-la-solidarite-nationale\/\">Cliquez ici pour lire l&rsquo;article depuis sa source.<\/a><\/p>\n","protected":false},"excerpt":{"rendered":"<p>La f\u00eate de l\u2019Assomption a \u00e9t\u00e9 c\u00e9l\u00e9br\u00e9e, le 15 ao\u00fbt 2021, sur toute l\u2019\u00e9tendue du territoire national. A Ouagadougou, les fid\u00e8les chr\u00e9tiens se sont donn\u00e9 rendez-vous, au sanctuaire de Yagma pour la messe de c\u00e9l\u00e9bration. En communion avec l\u2019Eglise universelle, les catholiques se sont retrouv\u00e9s au sanctuaire de Yagma pour c\u00e9l\u00e9brer l\u2019Assomption qui est la [&hellip;]<\/p>\n","protected":false},"author":1816,"featured_media":0,"comment_status":"closed","ping_status":"closed","sticky":false,"template":"","format":"standard","meta":{"fifu_image_url":"https:\/\/www.sidwaya.info\/wp-content\/uploads\/2021\/08\/assomption5-300x181.jpg","fifu_image_alt":"F\u00eate de l\u2019Assomption : un appel \u00e0 la solidarit\u00e9 nationale","footnotes":""},"categories":[73,81],"tags":[],"class_list":["post-124413","post","type-post","status-publish","format-standard","hentry","category-actualite","category-burkina-faso"],"_links":{"self":[{"href":"https:\/\/linitiative.ca\/International\/wp-json\/wp\/v2\/posts\/124413","targetHints":{"allow":["GET"]}}],"collection":[{"href":"https:\/\/linitiative.ca\/International\/wp-json\/wp\/v2\/posts"}],"about":[{"href":"https:\/\/linitiative.ca\/International\/wp-json\/wp\/v2\/types\/post"}],"author":[{"embeddable":true,"href":"https:\/\/linitiative.ca\/International\/wp-json\/wp\/v2\/users\/1816"}],"replies":[{"embeddable":true,"href":"https:\/\/linitiative.ca\/International\/wp-json\/wp\/v2\/comments?post=124413"}],"version-history":[{"count":0,"href":"https:\/\/linitiative.ca\/International\/wp-json\/wp\/v2\/posts\/124413\/revisions"}],"wp:attachment":[{"href":"https:\/\/linitiative.ca\/International\/wp-json\/wp\/v2\/media?parent=124413"}],"wp:term":[{"taxonomy":"category","embeddable":true,"href":"https:\/\/linitiative.ca\/International\/wp-json\/wp\/v2\/categories?post=124413"},{"taxonomy":"post_tag","embeddable":true,"href":"https:\/\/linitiative.ca\/International\/wp-json\/wp\/v2\/tags?post=124413"}],"curies":[{"name":"wp","href":"https:\/\/api.w.org\/{rel}","templated":true}]}}